{"id":11250,"date":"2016-03-15T13:50:46","date_gmt":"2016-03-15T11:50:46","guid":{"rendered":"http:\/\/www.fm-tv.net\/wordpress\/?p=11250"},"modified":"2016-03-15T14:28:05","modified_gmt":"2016-03-15T12:28:05","slug":"wer-und-was-richtet-diese-welt-zugrunde-ist-es-die-alte-bibel-sind-es-die-nachfahren-von-kain-und-abel-sind-es-bestimmte-macht-menschen-wer-und-was-ist-es-denn-fragen-an-die-westliche-gesellschaf","status":"publish","type":"post","link":"https:\/\/www.fm-tv.net\/wordpress\/?p=11250","title":{"rendered":"Wer und was richtet diese Welt zugrunde? Ist es die alte Bibel? Sind es die Nachfahren von Kain und Abel? Sind es bestimmte Macht-Menschen? Wer und was ist es denn? Fragen an die westliche Gesellschaft in \u00e4u\u00dferster Not"},"content":{"rendered":"<p>Bild aus Interview Euronews v. 17.4.15 : Video Interview mit dem US-Amerikaner Noam Chomsky<\/p>\n<p style=\"text-align: center;\"><a href=\"https:\/\/www.youtube.com\/watch?v=33GIptqZ2eo\" rel=\"attachment wp-att-11266\"><img loading=\"lazy\" class=\"aligncenter size-medium wp-image-11266\" title=\"Euronews Interview_US N.Chomsky\" src=\"https:\/\/www.fm-tv.net\/wordpress\/wp-content\/uploads\/Euronews-Interview_US-N.Chomsky-300x155.png\" alt=\"\" width=\"300\" height=\"155\" srcset=\"https:\/\/www.fm-tv.net\/wordpress\/wp-content\/uploads\/Euronews-Interview_US-N.Chomsky-300x155.png 300w, https:\/\/www.fm-tv.net\/wordpress\/wp-content\/uploads\/Euronews-Interview_US-N.Chomsky.png 856w\" sizes=\"(max-width: 300px) 100vw, 300px\" \/><\/a><\/p>\n<p style=\"text-align: center;\"><a href=\"http:\/\/de.euronews.com\/2015\/04\/17\/noam-chomsky-die-usa-sind-ein-schurkenstaat-europa-ist-extrem-rassistisch\/\" rel=\"attachment wp-att-11264\"><img loading=\"lazy\" class=\"aligncenter size-medium wp-image-11264\" title=\"Euronews Interview_US N.Chomsky_2_17.4.15_1\" src=\"https:\/\/www.fm-tv.net\/wordpress\/wp-content\/uploads\/Euronews-Interview_US-N.Chomsky_2_17.4.15_1-300x295.png\" alt=\"\" width=\"300\" height=\"295\" srcset=\"https:\/\/www.fm-tv.net\/wordpress\/wp-content\/uploads\/Euronews-Interview_US-N.Chomsky_2_17.4.15_1-300x295.png 300w, https:\/\/www.fm-tv.net\/wordpress\/wp-content\/uploads\/Euronews-Interview_US-N.Chomsky_2_17.4.15_1.png 646w\" sizes=\"(max-width: 300px) 100vw, 300px\" \/><\/a><\/p>\n<p>Vita dieses Amerikaners:<\/p>\n<p style=\"text-align: center;\"><a href=\"https:\/\/www.fm-tv.net\/wordpress\/?attachment_id=11267\" rel=\"attachment wp-att-11267\"><img loading=\"lazy\" class=\"aligncenter  wp-image-11267\" style=\"border: 2px solid black;\" title=\"Euronews Interview_US N.Chomsky_2_17.4.15_2\" src=\"https:\/\/www.fm-tv.net\/wordpress\/wp-content\/uploads\/Euronews-Interview_US-N.Chomsky_2_17.4.15_2.png\" alt=\"\" width=\"463\" height=\"450\" srcset=\"https:\/\/www.fm-tv.net\/wordpress\/wp-content\/uploads\/Euronews-Interview_US-N.Chomsky_2_17.4.15_2.png 662w, https:\/\/www.fm-tv.net\/wordpress\/wp-content\/uploads\/Euronews-Interview_US-N.Chomsky_2_17.4.15_2-300x291.png 300w\" sizes=\"(max-width: 463px) 100vw, 463px\" \/><\/a><\/p>\n<p style=\"text-align: center;\"><a href=\"https:\/\/www.fm-tv.net\/wordpress\/?attachment_id=11268\" rel=\"attachment wp-att-11268\"><img loading=\"lazy\" class=\"aligncenter  wp-image-11268\" style=\"border: 2px solid black;\" title=\"Euronews Interview_US N.Chomsky_2_17.4.15_3\" src=\"https:\/\/www.fm-tv.net\/wordpress\/wp-content\/uploads\/Euronews-Interview_US-N.Chomsky_2_17.4.15_3.png\" alt=\"\" width=\"456\" height=\"447\" srcset=\"https:\/\/www.fm-tv.net\/wordpress\/wp-content\/uploads\/Euronews-Interview_US-N.Chomsky_2_17.4.15_3.png 652w, https:\/\/www.fm-tv.net\/wordpress\/wp-content\/uploads\/Euronews-Interview_US-N.Chomsky_2_17.4.15_3-300x294.png 300w\" sizes=\"(max-width: 456px) 100vw, 456px\" \/><\/a><\/p>\n<p>&nbsp;<\/p>\n<p>Der US-Amerikaner Noam Chomsky sieht in Kreisen aus den USA die Hauptursache f\u00fcr die Weltprobleme.<\/p>\n<p>Eindrucksvoll. Steht schon in ANTARIS von 1986, u.a. auf Seite 142. Chomsky m\u00fcsste den Stoff gelesen haben, vor allem den Text aus der Rede Konstantin Maynburgs am Lincoln Memorial kurz vor der Jahrtausendwende vor hunderttausenden Amerikanern.<\/p>\n<p>Was nun? Sind wir nun endlich des Feindes habhaft? Oder sind wir selbst uns irgendwie Feind? Alle zusammen? Das mehr oder weniger die Quintessenz aus dieser Rede am Lincoln Memorial.<\/p>\n<p>Es reichte im Roman ein Hilfeschrei bis zum Himmel, um etwas zu \u00e4ndern. Bis dorthin reichten auch die Wolken aus Atombombenexplosionen in den 40er und 50er wie selbst noch in den 60er Jahren. Explosionen, welche diese Welt ver\u00e4nderten. Nach 60 Jahren und l\u00e4nger sind die &#8222;Fr\u00fcchte&#8220; dieses Wahnsinns leider nicht als die einzigen zu bezeichnen. Doch die Ursachen k\u00f6nnten \u00fcberall die gleichen sein.<\/p>\n<p>Das Weltklima hat sich verschoben &#8211; ja noch mehr, es verliert seine Lebensfreundlichkeit. Der Vorgang verschiebt die Menschen, V\u00f6lker, Staaten. Zig-Millionen Menschen machen sich zumindest gedanklich mit Fluchtbewegungen vertraut. Afrika verdorrt. Wenn das nur das einzige w\u00e4re &#8211; es w\u00fcrden sich viele dieser potentiellen Fl\u00fcchtlinge bei uns &#8211; n\u00e4mlich in Europa &#8211; aufnehmen lassen. Doch: auch das gute Europa und Nordamerika l\u00f6st sich auf.<\/p>\n<p>Es ist die schiere Apokalypse am Laufen. Denn es kommt zu viel auf einmal.<\/p>\n<p>&nbsp;<\/p>\n<p>Die Frage ist trotz aussichtsloser Lage diese: wer und was richtet diese Welt zugrunde? Sind es wir als wahnsinnig gewordene Nutzer und Verbraucher?\u00a0 Oder gingen wir nur jemandem, irgendwas auf den Leim?<\/p>\n<p>Am 7.10. des Jahres 2000 sagte ein Dirigent (im M\u00fcnchner Prinzregententheater) nach Abtritt vom Dirigentenpult &#8211; er hatte gerade Beethovens EROIKA zum Besten gegeben &#8211; gegen\u00fcber der versammelten deutschen Regierungsmacht dieses: die Menschheit hat den Kampf um die Natur verloren. Was heisst: der Mensch ist verloren, denn er hat die Natur verbraucht, aufgebraucht. Und die setzt sich nun zur Wehr. Und gegen sie wird nichts und abermals nichts ankommen k\u00f6nnen. Die meisten Sender hatten ihre Kameras bereits eingepackt gehabt. Nur Ph\u00f6nix-Kameras liefen. Gesendet wurde hiervon nichts. Ja &#8211; die Massenmedien schweigen oder sind bis heute nicht da, wenn es um wirklich \u00dcbergeordnetes und zugleich irgendwie auch um Befreiendes geht.<\/p>\n<p>Der Dirigent hat sich nicht zu Ende ge\u00e4u\u00dfert. Alles weitere w\u00e4re auf jeden Fall zu viel f\u00fcr die geballte Regierungsmacht gewesen. So weit denkt mit Gewissheit keiner in Berlin. Und man kann sich sicher sein: auch nicht in London oder gar in der US-Hauptstadt. Nun, seit dem Jahr 2005 hat der Berliner Regierungssitz eine Frau vorstehend. Eine Frau der besonderen Erblindung und Verblendung, so ihr Antipode in M\u00fcnchen kaum auf sie Zugriff hat. Diese Frau vernichtet die bew\u00e4hrten traditionellen CDU-Werte schneller als ein Tsunami aus der Nordsee Deutschland vernichten k\u00f6nnte &#8211; und daher nun zu den DIE GR\u00dcNEN und ROTEN \u00fcberlaufen wird.<\/p>\n<p>Und l\u00e4ngst schon h\u00f6rt sich nichts mehr von diesem weisen Mann am Dirigentenpult. Seine Stimme verstummte. Man hat seiner Familie \u00fcbel zugespielt. F\u00fcnfzehn Jahre sind es inzwischen her seit seinem Auftritt in M\u00fcnchen. Wenn es damals schon zu sp\u00e4t, dann ist es dieses heute gleich f\u00fcnfzehnmal zu sp\u00e4t.<\/p>\n<p>In 1970 (vor 45 Jahren) war ein Bill Clinton zu Gast bei dem Unterzeichner und Mitautor des Romans ANTARIS. Dass aus diesem jungen Clinton so etwas &#8222;Gewaltvolles&#8220; werden w\u00fcrde, konnte damals keiner ahnen. Clinton musste die Welt etwas vernichten bzw. die Erdkugel etwas schiefdrehen helfen, so dass sie schon deswegen nicht mehr gut funktioniert. Im Amerikahaus sagte er einig Jahre nach 2000 &#8211; nachdem er sich von dem Amt gel\u00f6st hatte &#8211; dieses: er sei gar nicht der M\u00e4chtige gewesen.<\/p>\n<p>Wie gut das zu wissen.<\/p>\n<p>Wo nun ist der T\u00e4ter, welcher diese Welt vernichtet? Sind es wir?<\/p>\n<p>Sind es wir, weil wir die T\u00e4ter gew\u00e4hren lassen? Jedoch &#8211; was, wenn wir &#8211; als Hinz und Kunz &#8211; die T\u00e4ter im Hintergrund nicht kennen? Abgesehen hiervon keinen Zutritt zu ihnen bekommen?<\/p>\n<p>Fragen an die westliche Gesellschaft in \u00e4u\u00dfester Not: sie bleiben unbeantwortet.<\/p>\n<p style=\"text-align: center;\">______________<\/p>\n","protected":false},"excerpt":{"rendered":"<p>Bild aus Interview Euronews v. 17.4.15 : Video Interview mit dem US-Amerikaner Noam Chomsky Vita dieses Amerikaners: &nbsp; Der US-Amerikaner Noam Chomsky sieht in Kreisen aus den USA die Hauptursache f\u00fcr die Weltprobleme. Eindrucksvoll. Steht schon in ANTARIS von 1986, u.a. auf Seite 142. Chomsky m\u00fcsste den Stoff gelesen haben, vor allem den Text aus [&hellip;]<\/p>\n","protected":false},"author":3,"featured_media":0,"comment_status":"closed","ping_status":"closed","sticky":false,"template":"","format":"standard","meta":[],"categories":[138,139,24,166,30],"tags":[],"_links":{"self":[{"href":"https:\/\/www.fm-tv.net\/wordpress\/index.php?rest_route=\/wp\/v2\/posts\/11250"}],"collection":[{"href":"https:\/\/www.fm-tv.net\/wordpress\/index.php?rest_route=\/wp\/v2\/posts"}],"about":[{"href":"https:\/\/www.fm-tv.net\/wordpress\/index.php?rest_route=\/wp\/v2\/types\/post"}],"author":[{"embeddable":true,"href":"https:\/\/www.fm-tv.net\/wordpress\/index.php?rest_route=\/wp\/v2\/users\/3"}],"replies":[{"embeddable":true,"href":"https:\/\/www.fm-tv.net\/wordpress\/index.php?rest_route=%2Fwp%2Fv2%2Fcomments&post=11250"}],"version-history":[{"count":21,"href":"https:\/\/www.fm-tv.net\/wordpress\/index.php?rest_route=\/wp\/v2\/posts\/11250\/revisions"}],"predecessor-version":[{"id":11271,"href":"https:\/\/www.fm-tv.net\/wordpress\/index.php?rest_route=\/wp\/v2\/posts\/11250\/revisions\/11271"}],"wp:attachment":[{"href":"https:\/\/www.fm-tv.net\/wordpress\/index.php?rest_route=%2Fwp%2Fv2%2Fmedia&parent=11250"}],"wp:term":[{"taxonomy":"category","embeddable":true,"href":"https:\/\/www.fm-tv.net\/wordpress\/index.php?rest_route=%2Fwp%2Fv2%2Fcategories&post=11250"},{"taxonomy":"post_tag","embeddable":true,"href":"https:\/\/www.fm-tv.net\/wordpress\/index.php?rest_route=%2Fwp%2Fv2%2Ftags&post=11250"}],"curies":[{"name":"wp","href":"https:\/\/api.w.org\/{rel}","templated":true}]}}