{"id":12442,"date":"2016-11-27T19:45:52","date_gmt":"2016-11-27T17:45:52","guid":{"rendered":"http:\/\/www.fm-tv.net\/wordpress\/?p=12442"},"modified":"2016-12-13T03:10:27","modified_gmt":"2016-12-13T01:10:27","slug":"burger-ohne-problemerkennung-geschweige-denn-abwehrfahig-eine-negative-massensuggestion-richtet-den-kontinent-zugrunde","status":"publish","type":"post","link":"https:\/\/www.fm-tv.net\/wordpress\/?p=12442","title":{"rendered":"Offenbar aus dem &#8222;Dritten Reich&#8220; nicht gelernt: B\u00fcrger heute ohne hinreichende Problemerkennung, geschweige denn Widerstandshaltung &#8211; Eine negative Massensuggestion richtet Deutschland, Europa zugrunde"},"content":{"rendered":"<p>&nbsp;<\/p>\n<p>von constantin-canaris, 27.11.2016<\/p>\n<p>&nbsp;<\/p>\n<p><span style=\"text-decoration: underline;\">Ein Hinweis<\/span>: Nachfolgend get\u00e4tigte Aussagen sind im Verbund mit vielen Artikeln in dieser <span style=\"color: #000000;\"><strong><a href=\"fm-tv.net\"><span style=\"color: #000000;\">fm-tv.net<\/span><\/a><\/strong> und <a href=\"fmtvnet.wordpress.com\"><span style=\"color: #000000;\"><strong>fmtvnet.wordpress.com<\/strong><\/span><\/a> wie <strong><a href=\"antaris.tv\"><span style=\"color: #000000;\">antaris.tv<\/span><\/a><\/strong> wie <strong><a href=\"ra-kanzlei-koeppl.de\"><span style=\"color: #000000;\">ra-kanzlei-koeppl.de<\/span><\/a><\/strong> zu verstehen.<\/span><\/p>\n<p>&nbsp;<\/p>\n<p>Gewarnt und gewarnt in den vierzig Jahren vor einem Kurs in Hochverschuldung, in Unterdr\u00fcckung von Umwelttechnologien \u2013 gewarnt zum Beispiel durch uns (*1). Und nichts lie\u00df sich aufhalten. Schon weil die politischen Gegner extrem stark und teils mit Mitteln der Diffamierung und Ausgrenzung operieren und sowohl B\u00fcrger wie Politiker unter regelrechte Hypnose setzen.<\/p>\n<p style=\"padding-left: 60px;\">Nun &#8211; war es im Dritten Reich anders, war es anders in Churchills Gro\u00dfbritannien, in Musolinis Italien, unter Stalins Herrschaft, in Roosevelts Vereinigten Staaten? Der Vergleich ist gerechtfertigt angesichts des Ausma\u00dfes dieser Hypnose und der hierdurch ausgel\u00f6sten Sch\u00e4den am gesamten europ\u00e4ischen Raum wie weit dar\u00fcber hinaus.<\/p>\n<p>Heute:\u00a0 Die Macht der gro\u00dfen Medien und ihrer politischen Kraftentfaltung reicht in s\u00e4mtliche Bereiche menschlichen Lebens hinein: gegen sie ist offensichtlich kein Abwehrmittel zu unlegitimiert und zu \u00fcberdimensioniert. Angesichts konkreter Gef\u00e4hrdung von Hunderten von Millionen Menschen in Europa und in den USA und dar\u00fcber hinaus tut sich erstaunlich wenig. So verwunderlich es auch ist, warum so viele B\u00fcrger in Deutschland trotz konkreter Hinweise inaktiv bleiben und nicht \u00fcber ihren Zaun blicken, ja Warnungen vor einer Belastung f\u00fcr das Land mit Spott und H\u00e4me begegnen<strong>: seit mehr als 35 Jahren werden viele B\u00fcrger in Deutschland wie Medien von realen politischen Zusammenh\u00e4ngen und Gefahren durch unsere Seite in Kenntnis gesetzt. TV-Medien berichteten zwar lediglich in den Anf\u00e4ngen 1980\/81 (ARD) wie 1997 (VOX, ProSieben). Jedoch auch hiernach regte sich unter den Millionen Fernsehzuschauern, sprich B\u00fcrgern nichts, was auf einen ernsthaften Engagementwillen schlie\u00dfen lassen k\u00f6nnte. Auch Parteien-Gremien und Beh\u00f6rden lie\u00dfen keine Ans\u00e4tze erkennen.<br \/>\n<\/strong><\/p>\n<p>Es ist damit nicht verwunderlich, dass es zu diesen fatalen Ergebnissen, wie seit etwa 20 Jahren f\u00fcr jedermann deutlich erkennbar, kam.\u00a0 Dass es zu einer Wiederholung der Dreissiger und Vierziger Jahre kommen k\u00f6nnte, ist nicht auszuschlie\u00dfen: Das Land wirkt nach ehrlicher Bilanzierung als regelrecht abgewirtschaft. Und zwar auf Grund der Politik Kohl, Schr\u00f6der, Merkel (ein Zeitraum von 34 Jahren). Die Bayern feierten dennoch &#8211; im Nationaltheater. Anla\u00df: 70 Jahre Bayerische Verfassung. Mehr dazu\u00a0 <a title=\"Bayern feiern ihre Bayerische Verfassung\" href=\"http:\/\/www.sueddeutsche.de\/bayern\/jahre-bayerische-verfassung-ein-dokument-der-hoffnung-1.3275693\"><strong>h i e r<\/strong><\/a><\/p>\n<section><time datetime=\"2016-12-01 18:54:23\">Ausschnitt: SZ.de 1. 12. 2016<\/time><strong> &gt;70-Jahr-Feier <\/strong>Bayerische Verfassung &#8211; ein Dokument der Hoffnung&lt; (Ausschnitte): &gt;. . . . Die M\u00e4nner waren in Gefangenschaft oder gefallen, die Frauen wussten nicht, ob sie den Winter \u00fcberstehen. Auf die &#8222;ungewissen Fragen nach der Gerechtigkeit&#8220; h\u00e4tte die Verfassung die richtigen Antworten gefunden, indem sie Bayern als &#8222;Freistaat, Volksstaat, Rechts-, Kultur- und Sozialstaat&#8220; ausrief. Es sei aber auch eine &#8222;Verfassung des Mutes&#8220;, die jetzt dringender gebraucht werde denn je. &#8222;Wir m\u00fcssen sie einsetzen, um Untergangsphilosophien und Resignationstheorien entgegenzuwirken&#8220;, so der Hauptredner der 70-Jahr-Feier, der ehemalige Bundesverfassungsrichter Paul Kirchhof.&lt; Barbara Stamm, die Landtags-Pr\u00e4sidentin erg\u00e4nzte laut SZ: &gt; . . . An diesem Festtag w\u00fcrden deshalb auch all die B\u00fcrger und B\u00fcrgerinnen gefeiert, die sich &#8222;f\u00fcr ihr Land tagt\u00e4glich einbringen&#8220;.&lt;\u00a0<\/section>\n<section>Wohl gut gemeint. Die Koeppls sp\u00fcren hiervon nur Partielles. Das verwundert nicht, wenn es so viele hat ganz oben, welche den fatalen Abw\u00e4rtskurs der gesamten EU unter F\u00fchrungen wie Kohl, Schr\u00f6der, Merkel nicht wahrnehmen . . . Gefeiert wird nicht dieser Widerstands-Held aus dem Dritten Reich, der Richter Josef K\u00f6ppl und schon gar nicht gefeiert werden Menschen, welche es mut den Verfassungswerten ernst meinen und vor einer erneuten fatalen Entwicklung warnen. Paul Kirchhof bezeichnete diese Warnung als verfassungsfeindlich. Man erstaune ob solcher Obsession und Wahrnehmungsbegrenztheit.<\/section>\n<p>_______________<\/p>\n<h6><strong>Fu\u00dfnote *1\u00a0 Werden die Jahre 1941 bis 1945 dem zugrunde gelegt, so laufen nun die Warnungen \u00fcber sieben Jahrzehnte hinweg.<\/strong><\/h6>\n<p style=\"padding-left: 90px;\">J.B. Koeppl ist Spezialist in Sachen staatlicher, \u00fcberstaatlicher Gro\u00dfprojekte (u.a. NATO-R\u00fcstungsprojekt MRCA-TORNADO \u2013 eine wissenschaftliche Ausarbeitung von 1979). Er beschrieb die Gefahr f\u00fcr den Westen durch einen Kurs in die Hochverschuldung und damit in staatliche Ineffizienzen von gigantischen Gr\u00f6\u00dfenordnungen. Seine weiteren Arbeiten wie Projekte erstreckten sich auf die Gebiete UMWELT und TECHNOLOGIE und vor allem auf den Zustand wie das Verm\u00f6gen westlicher Staaten. Er beschrieb damit die Zukunft der Industriestaaten, das Los ihrer Bev\u00f6lkerungen. Er warnte vor Problem\u00fcberf\u00fcllung und vor damit einhergehendem allgemeines Chaos, welches unausgebildete Politiker anrichten und erst recht nicht dieses zu beheben verm\u00f6gen w\u00fcrden. <strong>Ausgebildete, charakterfeste Politiker sind in einem Betrugs- und Pl\u00fcndersystem nicht gefragt. Sie gelangen in einem solchen nicht nach oben.<\/strong><\/p>\n<p style=\"padding-left: 90px;\">Das deutsche Verteidigungsministerium revidierte bis heute bei milit\u00e4rischen Gro\u00dfprojekten seine Vorgehensweise nicht und verschleuderte im Zeitraum von vierzig Jahren Steuergelder in H\u00f6hen von vielen hundert Milliarden Euro. Andere Projekte f\u00fchrten ebenso zu gewaltigen Ineffizienzen zu Lasten der Steuerzahler oder gar der gesamten Bev\u00f6lkerung. W\u00e4hrenddessen wurden die Infrastrukturen (Br\u00fccken, Stra\u00dfen, Schulen, Deutsche Bahn etc.) Deutschlands wie auch die \u00f6kologischen Erfordernisse schwer vernachl\u00e4ssigt.<\/p>\n<p style=\"padding-left: 90px;\">Das Problem von Ineffizienzen bezieht sich auf alle westliche Staatshaushalte. Hinzuweisen ist an dieser Stelle, dass J.B. Koeppl in 1997 den damaligen Bundesau\u00dfenminister Klaus Kinkel sowie den Ex-Bundeswirtschaftsminister Helmut Haussmann im Europ\u00e4ischen Patentamt in M\u00fcnchen vor der Einf\u00fchrung des Euro \u00f6ffentlich massiv gewarnt hatte (Videobeweis). In B\u00fcchern von 1986 und 1994 war indirekt gewarnt vor eine, Gro\u00dfkonflikt zwischen Deutschland, Frankreich einerseits und den USA und Gro\u00dfbritannien andererseits.<\/p>\n<h6><strong><\/strong>___________________<\/h6>\n<p>Die deutsche, die europ\u00e4ische, die westliche Politik steuert in eine Katastrophe von weltgeschichtlicher Gr\u00f6\u00dfenordnung. Ursache: unf\u00e4hige Politiker, mangelnde Aufkl\u00e4rung der Bev\u00f6lkerungen, ihre Inaktivit\u00e4t.<\/p>\n<p><strong>F\u00fcr ein politisches Amt geeignete Personen gelangen nicht nach oben in die politischen Spitzenstellungen. In der Regel besitzen sie keine Ellenbogenkr\u00e4fte und nicht die Presse, sprich Medien. In der Regel werden sie von Nieten bereits in den unteren R\u00e4ngen ausgebremst. Das Pl\u00fcndersystem n\u00e4hrt sich selbstt\u00e4tig.<br \/>\n<\/strong><\/p>\n<p><strong><\/strong> Das hat drastische Folgen:<\/p>\n<p>Eine Medienkratie (Medienherrschaft) und damit totale Massensuggestion richtete in ihrer egoistisch-faschistoiden Kraftentfaltung den gesamten Westen auf sich ab und ist drauf und dran, weltdiktatorischen Pl\u00e4nen gewisser Kreise zum Durchbruch zu verhelfen.<\/p>\n<p>F\u00fcr all das nun Folgende ist in erster Linie diese Medienkratie als eine Massensuggerierungsmaschinerie im \u00fcbelsten Sinne haupturs\u00e4chlich:<\/p>\n<ol>\n<li><strong>Werte- bzw. Kulturzerfall (als innerer, psychischer Hauptfaktor)<\/strong><\/li>\n<li><strong>Unterdr\u00fcckung von Umwelttechnologien, Freisetzung von Radioaktivit\u00e4t und anderer Schadstoffe mit Folgen u.a. wie Klimakatastrophe (Plutonium durch Kernexplosionen der USA in der Stratosph\u00e4re zerlegte Ozonmolek\u00fcle), \u00f6kologischer Zerst\u00f6rung ganzer Kontinente<\/strong><\/li>\n<li><strong>Gro\u00dfverschuldung westlicher Staaten und ihre Folgen wie Massenarmut; Vernachl\u00e4ssigung elementarster Infra- und Sozialstrukturma\u00dfnahmen u.a.<\/strong><\/li>\n<li><strong>Politische und wirtschaftliche Destabilisierung gro\u00dfer Teile der Welt durch aggressive, verdeckt agierende Staaten wie USA und Gro\u00dfbritannien mit der Folge der Herausbildung gigantischer Fl\u00fcchtlingsstr\u00f6me und ihrer Einschleusung nach Europa, das mit der beabsichtigten Folge der Gef\u00e4hrdung des inneren Friedens Europas<\/strong><\/li>\n<li><strong>Das gro\u00dfe Schweigen der westlicher Bev\u00f6lkerungen<\/strong><\/li>\n<\/ol>\n<p>&nbsp;<\/p>\n<p>Es ist klar, dass nachfolgend gemachte Ausf\u00fchrungen in deutschen TV- wie Print-Medien nicht auftauchen. Gro\u00dfmedien sorgen daf\u00fcr, dass die eigentlichen Zusammenh\u00e4nge und Hintergr\u00fcnde vertuscht bleiben. So unterlassen weiterf\u00fchrende Schulen, Universit\u00e4ten jegliche Hinweise auf die drohenden Gefahren. So unterbleiben die dringend erforderlichen partei\u00fcbergreifenden Sach- und B\u00fcrgeraufkl\u00e4rungen in den Kommunen, um die Defizite, die Massenmedien verursachen, auszugleichen.<\/p>\n<p>Allerdings entwickeln sich in den sozialen, digitalen Medien Gegenkr\u00e4fte, welche die Gro\u00dfmedien wie die von ihnen gedeckte Politik zunehmend unter Druck zu setzen beginnen.<\/p>\n<p>Dennoch: angesichts der Zerst\u00f6rungskraft dieser Medien-Machtkonstellation ist diese Gegenwehr im Internet viel zu gering.<\/p>\n<p>Die Gegenwehr wird durch westliche Mainstreammedien als \u201ePopulismus\u201c denunziert.<\/p>\n<p>Tats\u00e4chlich fu\u00dft die Gegenwehr auf demokratischen Grunds\u00e4tzen bzw. Verfassungen.<\/p>\n<p style=\"text-align: center;\">__________________<\/p>\n<p>Hier nun einige Bild-Dokumente der letzten Tage und Wochen &#8211; stellvertretend abgelichtet f\u00fcr Tausende andere Dokumente, die hier aus Platzgr\u00fcnden nicht vorgelegt werden k\u00f6nnen:<\/p>\n<p>Bild: drohender Abriss Europas (SPIEGEL.de 2016-11-27 um 16.51.31)<\/p>\n<p style=\"text-align: center;\"><a href=\"https:\/\/www.fm-tv.net\/wordpress\/?attachment_id=12456\" rel=\"attachment wp-att-12456\"><img loading=\"lazy\" class=\"aligncenter  wp-image-12456\" style=\"border: 2px solid black;\" title=\"gewollter Abriss Europas 2016-11-27 um 16.51.31\" src=\"https:\/\/www.fm-tv.net\/wordpress\/wp-content\/uploads\/gewollter-Abriss-Europas-2016-11-27-um-16.51.31.png\" alt=\"\" width=\"500\" height=\"350\" \/><\/a> <a href=\"https:\/\/www.fm-tv.net\/wordpress\/?attachment_id=12463\" rel=\"attachment wp-att-12463\"><img loading=\"lazy\" class=\"aligncenter  wp-image-12463\" style=\"border: 2px solid black;\" title=\"gewollter Abriss Europas 2016-11-27 um 16.53.01\" src=\"https:\/\/www.fm-tv.net\/wordpress\/wp-content\/uploads\/gewollter-Abriss-Europas-2016-11-27-um-16.53.01.png\" alt=\"\" width=\"500\" height=\"359\" \/><\/a><\/p>\n<p style=\"text-align: center;\"><a href=\"https:\/\/www.fm-tv.net\/wordpress\/?attachment_id=12467\" rel=\"attachment wp-att-12467\"><img loading=\"lazy\" class=\"aligncenter  wp-image-12467\" style=\"border: 2px solid black;\" title=\"gewollter Abriss Europas  2016-11-27 um 16.53.35\" src=\"https:\/\/www.fm-tv.net\/wordpress\/wp-content\/uploads\/gewollter-Abriss-Europas-2016-11-27-um-16.53.35.png\" alt=\"\" width=\"500\" height=\"350\" \/><\/a><\/p>\n<p>&nbsp;<\/p>\n<p>In dieses marodieren Europa bzw. Europ\u00e4ische Union versucht ein t\u00fcrkischer Diktator einzubrechen. Kraft Merkel, Schr\u00f6der, Kohl h\u00e4lt er allein in Deutschland Millionen seiner Anh\u00e4nger fest eingeb\u00fcrgert und zum Einsatz bereit.<\/p>\n<p>Bild: Welt.de 2016-11-26 um 05.39.31<\/p>\n<p style=\"text-align: center;\"><a href=\"https:\/\/www.fm-tv.net\/wordpress\/?attachment_id=12464\" rel=\"attachment wp-att-12464\"><img loading=\"lazy\" class=\"aligncenter  wp-image-12464\" style=\"border: 2px solid black;\" title=\"Erdogan mit Briten u US Flu?chtlingskrise 2016-11-26 um 05.39.31\" src=\"https:\/\/www.fm-tv.net\/wordpress\/wp-content\/uploads\/Erdogan-mit-Briten-u-US-Flu?chtlingskrise-2016-11-26-um-05.39.31.png\" alt=\"\" width=\"500\" height=\"390\" \/><\/a><\/p>\n<p style=\"text-align: left;\">Bild: Huffingtonpost.de (1.12.2016)<\/p>\n<p style=\"text-align: center;\"><a href=\"https:\/\/www.fm-tv.net\/wordpress\/?attachment_id=12568\" rel=\"attachment wp-att-12568\"><img loading=\"lazy\" class=\"aligncenter  wp-image-12568\" style=\"border: 2px solid black;\" title=\"Erdogans Falle dank Merkel 2016-12-01 um 17.38.49\" src=\"https:\/\/www.fm-tv.net\/wordpress\/wp-content\/uploads\/Erdogans-Falle-dank-Merkel-2016-12-01-um-17.38.49.png\" alt=\"\" width=\"500\" height=\"360\" \/><\/a><\/p>\n<p style=\"text-align: center;\"><a href=\"https:\/\/www.fm-tv.net\/wordpress\/?attachment_id=12567\" rel=\"attachment wp-att-12567\"><img loading=\"lazy\" class=\"aligncenter  wp-image-12567\" style=\"border: 2px solid black;\" title=\"Erdogans Falle dank Merkel  2016-12-01 um 17.39.25\" src=\"https:\/\/www.fm-tv.net\/wordpress\/wp-content\/uploads\/Erdogans-Falle-dank-Merkel-2016-12-01-um-17.39.25.png\" alt=\"\" width=\"500\" height=\"350\" \/><\/a><\/p>\n<p>Bild oben: Erdogan verweist auf seine f\u00fcnf Millionen T\u00fcrken, die sich innerhalb der EU aufhalten<\/p>\n<p>Europa wurde in den zur\u00fcckliegenden Jahrzehnten willentlich gezielt durch EU-Politiker in diese Falle gesteuert.<\/p>\n<p>Gem\u00e4\u00df internen Ermittlungen agitiert Erdogan zusammen mit britisch-US-amerikanischen und israelischen wie russischen Kreisen, um Europa zu destabilisieren. Zur Destabilisierung z\u00e4hlt das Mittel der \u00dcberschuldung der einzelnen Staatshaushalte. Deswegen liefen die Koeppelschen Warnungen vor den Folgen der Hochverschuldung voll auf. Ziel ist die Abschaffung der Nationalstaaten und die Errichtung einer gigantisch faschistoid-strukturierten supranationalen, diktatorisch ausgerichteten Herrschaftssystems. Gro\u00dfbritannien hat sich inzwischen durch seinen BREXIT aus dem Gefahrenverbund trickreich herausgenommen. Deutschland hat offensichtlich klein zu werden (daher auch die st\u00e4ndigen Angriffe aus den USA heraus auf die deutsche Schl\u00fcsselindustrie). Die Fl\u00fcchtlingslawinen wurden erzeugt durch gezielte Destabilisierung von L\u00e4ndern in Afrika, im Nahen Osten, in Asien. Und sie wurden gezielt \u00fcberwiegend nach Deutschland gelenkt, w\u00e4hrenddessen sich Gro\u00dfbritannien hiervon gezielt fernhielt. Deutschland ist zu durchmischen, um dieses Ziel zu erreichen. Es ist dabei klar, dass Menschen mit blo\u00dfem Migrationshintergrund nicht den Identifizierungs-, sprich Eingliederungswillen aufzubringen bereit sind wie Menschen, die hier in Deutschland seit altersher eingestammt sind und hier ihre Heimat nicht nur kulturell verwurzelt sehen. Massenmedien zeigten in den zur\u00fcckliegenden zw\u00f6lf Monaten eindeutig, dass sie Deutschland durchmischt sehen wollen. Sie behaupten, dass dieses aus humanit\u00e4ren Gesichtspunkten zu erfolgen habe. Das jedoch ist nicht die Wahrheit.<\/p>\n<p style=\"text-align: center;\"><a href=\"https:\/\/www.fm-tv.net\/wordpress\/?attachment_id=12571\" rel=\"attachment wp-att-12571\"><img loading=\"lazy\" class=\"aligncenter  wp-image-12571\" style=\"border: 2px solid black;\" title=\"GB_statt Zuwanderung lieber Geld  2016-12-01 um 20.26.40\" src=\"https:\/\/www.fm-tv.net\/wordpress\/wp-content\/uploads\/GB_statt-Zuwanderung-lieber-Geld-2016-12-01-um-20.26.40.png\" alt=\"\" width=\"500\" height=\"320\" \/><\/a><\/p>\n<p>Bild oben (Deutsche Wirtschafts Nachrichten, 1.12.2016): GB hat sich vor allem aus Angst vor Zuwanderung von Europa verabschiedet. Jedoch es will vom Europ\u00e4ischen Markt nicht Abschied nehmen: es kauft sich frei. Man k\u00f6nnte auch sagen: Gro\u00dfbritannien profiliert sich als sicherer Hafen inmitten eines untergehenden Europas . . .<\/p>\n<p style=\"text-align: center;\"><a href=\"https:\/\/www.fm-tv.net\/wordpress\/?attachment_id=12572\" rel=\"attachment wp-att-12572\"><img loading=\"lazy\" class=\"aligncenter  wp-image-12572\" style=\"border: 2px solid black;\" title=\"Gro\u00dfCrash deutscher Gro\u00dffirmen  2016-12-01 um 20.30.23\" src=\"https:\/\/www.fm-tv.net\/wordpress\/wp-content\/uploads\/Gro\u00dfCrash-deutscher-Gro\u00dffirmen-2016-12-01-um-20.30.23.png\" alt=\"\" width=\"500\" height=\"350\" \/><\/a><\/p>\n<p>Bild oben (Focus.de 1.12.2016): Deutschland wird von den USA und Gro\u00dfbritannien aus wirtschaftlich attackiert, u.a. indem in diesen L\u00e4ndern die Steuern und die Belastung f\u00fcr inl\u00e4ndischen Firmen gesenkt werden. Das hat schwerwiegende Auswirkungen f\u00fcr die deutsche Exportwirtschaft, damit f\u00fcr deutsche Arbeitspl\u00e4tze<\/p>\n<p style=\"text-align: center;\"><a href=\"https:\/\/www.fm-tv.net\/wordpress\/?attachment_id=12570\" rel=\"attachment wp-att-12570\"><img loading=\"lazy\" class=\"aligncenter  wp-image-12570\" style=\"border: 2px solid black;\" title=\"EZB wirtschaftete Europa mit ab 2016-12-01 um 20.34.25\" src=\"https:\/\/www.fm-tv.net\/wordpress\/wp-content\/uploads\/EZB-wirtschaftete-Europa-mit-ab-2016-12-01-um-20.34.25.png\" alt=\"\" width=\"500\" height=\"380\" \/><\/a><\/p>\n<p>Bild oben (Focus.de 1.12.2016): Zu einem der gro\u00dfen Zerst\u00f6rer der EU ist auch der EZB Mario Draghi, ein ehemaliger enger Mitarbeiter der Goldman Sachs (Black Rocks) Company zu z\u00e4hlen. Auch hierdurch ein Hinweis, wohin es nun mit Europa und mit der EU geht . . . Die Warnungen eines Politikexperten wie J.B. Koeppl wurden 1997 in den Wind geschlagen.<\/p>\n<p>Anl\u00e4sslich den Feierlichkeiten zur Deutschen Einheit in M\u00fcnchen im Jahre 2012 hatte J.B. Koeppl der Bundeskanzlerin im Nationaltheater vorgehalten, dass sie f\u00fcr das Amt des Bundeskanzlers keinerlei Erfahrung mitbringen und das Land ruinieren w\u00fcrde. Die Kanzlerin schritt daraufhin weiter die Treppe zur Loge hinauf.<\/p>\n<p style=\"text-align: center;\"><a href=\"https:\/\/www.fm-tv.net\/wordpress\/?attachment_id=12580\" rel=\"attachment wp-att-12580\"><img loading=\"lazy\" class=\"aligncenter  wp-image-12580\" style=\"border: 2px solid black;\" title=\"abgewirtschaftet_Bauernho?fe beschlagnahmen 2016-12-01 um 20.28.11\" src=\"https:\/\/www.fm-tv.net\/wordpress\/wp-content\/uploads\/abgewirtschaftet_Bauernho?fe-beschlagnahmen-2016-12-01-um-20.28.11.png\" alt=\"\" width=\"500\" height=\"350\" \/><\/a><\/p>\n<p>Bild oben (Deutsche-Wirtschafts-Nachrichten.de 1.12.2016): Es wird von dieser Abriss-Regierung mit allen Folgen in Deutschland gerechnet: Bauernh\u00f6fe als Beschlagnahmungsobjekte. Weil die W\u00e4hler die Gefahren einer Merkel-Politik in den 4000 Tagen ihrer Amtszeit nicht erkannten, kommt es nun f\u00fcr sie ganz dick.<\/p>\n<p>Merkel hat Europa ruiniert, zumindest hat sie zu der hoch explosiven Lage stark beigetragen.<\/p>\n<p>Handelte sie im Auftrag gewisser Kreise, die in ihrem Wahn uners\u00e4ttlich?<\/p>\n<p>Denn es geht \u00fcber einen langen Prozess gezielt um Schw\u00e4chung der Deutschen.<\/p>\n<p>Es hat da ein altes Feindbild . . .<\/p>\n<p>Bild unten: Deutschland hat klein zu werden oder sich zu vernichten in Umkehrschlu\u00df zu &#8222;Make Germany great again&#8220;, Huffingtonpost 2016.11.24<\/p>\n<p style=\"text-align: center;\"><a href=\"https:\/\/www.fm-tv.net\/wordpress\/?attachment_id=12478\" rel=\"attachment wp-att-12478\"><img loading=\"lazy\" class=\"aligncenter  wp-image-12478\" style=\"border: 2px solid black;\" title=\"Dtschl mu\u00df klein bleiben oder sich vernichten Dokument 2016-11-24 um 10.44.09\" src=\"https:\/\/www.fm-tv.net\/wordpress\/wp-content\/uploads\/Dtschl-mu\u00df-klein-bleiben-oder-sich-vernichten-Dokument-2016-11-24-um-10.44.09.png\" alt=\"\" width=\"500\" height=\"380\" \/><\/a><\/p>\n<p>Hitler ruinierte bekanntlich Deutschland zusehends: er befand sich ab 1942 deutlichzusehends als unter Drogen gesetzt. In 1938\/39 hatte er sich im Zuge der Blomberg-Fritsch-Krise des milit\u00e4rischen Oberkommandos bem\u00e4chtigt. Er entwickelte sich zu einem n\u00fctzlichen Idioten von gewissen Briten und US-Amerikanern wie Stalin. Auf diesem Weg konnten Deutschland und damit auch West-Europa voll in die H\u00e4nde des angels\u00e4chsisch-sowjetischen Machtblockes geraten, sprich \u00fcbernommen werden.<\/p>\n<p>Bild:\u00a0GB u. USA ziehen Europa, die Welt in den Abgrund, Sueddeutsche.de 2016-11-23 um 17.59.25<\/p>\n<p style=\"text-align: center;\"><a href=\"https:\/\/www.fm-tv.net\/wordpress\/?attachment_id=12480\" rel=\"attachment wp-att-12480\"><img loading=\"lazy\" class=\"aligncenter  wp-image-12480\" style=\"border: 2px solid black;\" title=\"GB - US ruinieren die freie Welt 2016-11-23 um 17.59.25\" src=\"https:\/\/www.fm-tv.net\/wordpress\/wp-content\/uploads\/GB-US-ruinieren-die-freie-Welt-2016-11-23-um-17.59.25.png\" alt=\"\" width=\"500\" height=\"400\" \/><\/a><\/p>\n<p>Bild:\u00a0GB stellt sich auf Seite der USA geg die EU, Deutsche-Wirtschafts-Nachrichten (Online), 2016-11-14 um 11.51.35<\/p>\n<p style=\"text-align: center;\"><a href=\"https:\/\/www.fm-tv.net\/wordpress\/?attachment_id=12482\" rel=\"attachment wp-att-12482\"><img loading=\"lazy\" class=\"aligncenter  wp-image-12482\" style=\"border: 2px solid black;\" title=\"GB stellt sich auf Seite US geg EU  2016-11-14 um 11.51.35\" src=\"https:\/\/www.fm-tv.net\/wordpress\/wp-content\/uploads\/GB-stellt-sich-auf-Seite-US-geg-EU-2016-11-14-um-11.51.35.png\" alt=\"\" width=\"500\" height=\"300\" \/><\/a><\/p>\n<p>Bild: gem\u00e4\u00df ausl\u00e4ndischer wie inl\u00e4ndischen Medien und Politikern in den USA gilt wird Merkel zur Anf\u00fchrerin der Freien Welt erkl\u00e4rt, Sueddeutsche.de, 2016-11-19 um 21.25.08<\/p>\n<p style=\"text-align: center;\"><a href=\"https:\/\/www.fm-tv.net\/wordpress\/?attachment_id=12488\" rel=\"attachment wp-att-12488\"><img loading=\"lazy\" class=\"aligncenter  wp-image-12488\" style=\"border: 2px solid black;\" title=\"Merkel sog Anfu?hrerin Freie Welt 2016-11-19 um 21.25.08\" src=\"https:\/\/www.fm-tv.net\/wordpress\/wp-content\/uploads\/Merkel-sog-Anfu?hrerin-Freie-Welt-2016-11-19-um-21.25.08.png\" alt=\"\" width=\"500\" height=\"350\" \/><\/a><\/p>\n<p>Einmalig, die HuffingtonPost.de erm\u00f6glicht ein ehrliches Bild von der Lage in Deutschland. &#8222;Wir werden von Idioten bestimmt!&#8220;, so eine \u00dcberschrift vom 22.11.16 in dieser Zeitung mit US-amerikanischem Hintergrund.<\/p>\n<p>Bild: HuffingtonPost.de, 2016.11.22, 14.04 Uhr<\/p>\n<p style=\"text-align: center;\"><a href=\"https:\/\/www.fm-tv.net\/wordpress\/?attachment_id=12491\" rel=\"attachment wp-att-12491\"><img loading=\"lazy\" class=\"aligncenter  wp-image-12491\" style=\"border: 2px solid black;\" title=\"gro\u00dfe Teile d Volkes dumm 2016-11-22 um 14.04.37\" src=\"https:\/\/www.fm-tv.net\/wordpress\/wp-content\/uploads\/gro\u00dfe-Teile-d-Volkes-dumm-2016-11-22-um-14.04.37.png\" alt=\"\" width=\"500\" height=\"340\" \/><\/a><\/p>\n<p style=\"text-align: center;\"><a href=\"https:\/\/www.fm-tv.net\/wordpress\/?attachment_id=12492\" rel=\"attachment wp-att-12492\"><img loading=\"lazy\" class=\"aligncenter  wp-image-12492\" style=\"border: 2px solid black;\" title=\"gro\u00dfe Teile d Volkes dumm 2016-11-22 um 14.05.16\" src=\"https:\/\/www.fm-tv.net\/wordpress\/wp-content\/uploads\/gro\u00dfe-Teile-d-Volkes-dumm-2016-11-22-um-14.05.16.png\" alt=\"\" width=\"500\" height=\"340\" \/><\/a><\/p>\n<p style=\"text-align: center;\"><a href=\"https:\/\/www.fm-tv.net\/wordpress\/?attachment_id=12495\" rel=\"attachment wp-att-12495\"><img loading=\"lazy\" class=\"aligncenter  wp-image-12495\" style=\"border: 2px solid black;\" title=\"gro\u00dfe Teile d Volkes dumm 2016-11-22 um 14.06.14\" src=\"https:\/\/www.fm-tv.net\/wordpress\/wp-content\/uploads\/gro\u00dfe-Teile-d-Volkes-dumm-2016-11-22-um-14.06.141.png\" alt=\"\" width=\"500\" height=\"407\" \/><\/a><\/p>\n<p style=\"text-align: center;\"><a href=\"https:\/\/www.fm-tv.net\/wordpress\/?attachment_id=12500\" rel=\"attachment wp-att-12500\"><img loading=\"lazy\" class=\"aligncenter  wp-image-12500\" style=\"border: 2px solid black;\" title=\"gro\u00dfe Teile d Volkes dumm 2016-11-22 um 14.09.53\" src=\"https:\/\/www.fm-tv.net\/wordpress\/wp-content\/uploads\/gro\u00dfe-Teile-d-Volkes-dumm-2016-11-22-um-14.09.53.png\" alt=\"\" width=\"500\" height=\"370\" \/><\/a><\/p>\n<p style=\"text-align: center;\"><a href=\"https:\/\/www.fm-tv.net\/wordpress\/?attachment_id=12501\" rel=\"attachment wp-att-12501\"><img loading=\"lazy\" class=\"aligncenter  wp-image-12501\" style=\"border: 2px solid black;\" title=\"gro\u00dfe Teile d Volkes dumm 2016-11-22 um 14.10.40\" src=\"https:\/\/www.fm-tv.net\/wordpress\/wp-content\/uploads\/gro\u00dfe-Teile-d-Volkes-dumm-2016-11-22-um-14.10.40.png\" alt=\"\" width=\"500\" height=\"330\" \/><\/a><\/p>\n<p>&nbsp;<\/p>\n<p>B\u00fcrger ohne Problemerkennung, geschweige denn abwehrf\u00e4hig: grunds\u00e4tzlich stimmt das. Massenmedien lassen sie weitgehend im Unklaren. Die Kenntnistr\u00e4ger (Warner) werden isoliert bzw. werden nicht erw\u00e4hnt. F\u00fcr sie hat es keinen freien Zugang zu Massen-Medien.<\/p>\n<p>Massenmedien sind insofern L\u00fcgenmedien. Sie t\u00e4uschen Offenheit, Transparenz, Modernit\u00e4t und Demokratiebewu\u00dftsein vor. Das alles sind sie leider nicht.<\/p>\n<p>Das Abendland geht vor allem auch wegen ihnen zugrunde.<\/p>\n<p>Aus obigem Artikel (Huffingtonpost.de): &#8222;. . . <em>Dass ein gro\u00dfer Teil der deutschen Gesellschaft sich immer noch nicht im Klaren dar\u00fcber ist, was f\u00fcr Idioten eigentlich die \u00f6ffentliche Meinung pr\u00e4gen<\/em>.&#8220;<\/p>\n<p style=\"text-align: center;\">____________________<\/p>\n<p style=\"text-align: left;\">Nachgetragen, 12.12.2016:<\/p>\n<p style=\"text-align: center;\">So ist es nun, egal wo in Deutschland, auch ob im Raum M\u00fcnchen, im Voralpenland vom Bodensee bis nach Berchtesgaden, ob von Kiel bis nach Garmisch-Partenkirchen, ob vom Saarland bis nach Passau . . .<\/p>\n<p style=\"text-align: center;\">der deutsche Michel bewegt sich nur, wenn sich etwas in Szene setzt und machtvoll ihm begegnet. Leise Stimmen h\u00f6rt er nicht. Und er ist kleinlich aufgelegt: er bringt es dahin, dass er seinen &#8222;Flieger&#8220; zum Absturz bringt, nur weil ihm das Abendbrot am Ankunftsziel versprochen ist. Das hei\u00dft: wegen Nichtigkeiten riskiert er die Sicherheit, das Leben anderer und das von sich selbst.<\/p>\n<p style=\"text-align: center;\">Ein Fall von vielen (Bericht DIE WELT, 12.12.2016) :<\/p>\n<p style=\"text-align: center;\"><a href=\"https:\/\/www.fm-tv.net\/wordpress\/?attachment_id=12623\" rel=\"attachment wp-att-12623\"><img loading=\"lazy\" class=\"aligncenter  wp-image-12623\" style=\"border: 2px solid black;\" title=\"ohne Wu?rde viele Deutsche  2016-12-12 um 06.03.59\" src=\"https:\/\/www.fm-tv.net\/wordpress\/wp-content\/uploads\/ohne-Wu?rde-viele-Deutsche-2016-12-12-um-06.03.59.png\" alt=\"\" width=\"500\" height=\"350\" \/><\/a><\/p>\n<p style=\"text-align: center;\">Diese bestimmte Art von Deutschen macht selbst Rettungssanit\u00e4ren den Weg nicht frei. Auch das wird h\u00e4ufig berichtet.<\/p>\n<p style=\"text-align: center;\">Das ist die &#8222;Kultur&#8220;, die es unbedingt zu verteidigen gilt.<\/p>\n<p style=\"text-align: center;\">W\u00e4re die Mehrheit der Deutschen klug und konstruktiv, w\u00fcrde sie in den zur\u00fcckliegenden dreieinhalb Jahrzehnten auch auf diese Inhalte abgefahren sein und sie weiterentwickelt, die Autoren unterst\u00fctzt haben. Jedoch sie taten es nicht. So nun sitzen sie wieder einmal &#8211; zum drittenmal &#8211; im Morast fest.<\/p>\n<p style=\"text-align: center;\">Die gro\u00dfen Probleme in Deutschland sind nahezu unl\u00f6sbar.<\/p>\n<p style=\"text-align: center;\">Selbst diejenige Partei, die von allen in Deutschland die wacheste, konstruktivste und aktivste, verliert sich in politischen Nebenschaupl\u00e4tzen wie die der Maut auf deutschen Bundesbahnen.<\/p>\n<p style=\"text-align: center;\">Hierzu eine Kommentierung in CSU.de (Facebook) vom 12.12.2016, womit das Thema belassen bleiben soll:<\/p>\n<p style=\"text-align: center;\"><a href=\"https:\/\/www.fm-tv.net\/wordpress\/?attachment_id=12625\" rel=\"attachment wp-att-12625\"><img loading=\"lazy\" class=\"aligncenter  wp-image-12625\" style=\"border: 2px solid black;\" title=\"CSU Maut zur Totalu?berwachung   2016-12-12 um 17.05.06\" src=\"https:\/\/www.fm-tv.net\/wordpress\/wp-content\/uploads\/CSU-Maut-zur-Totalu?berwachung-2016-12-12-um-17.05.06.png\" alt=\"\" width=\"500\" height=\"430\" \/><\/a><\/p>\n<p style=\"text-align: center;\"><a href=\"https:\/\/www.fm-tv.net\/wordpress\/?attachment_id=12626\" rel=\"attachment wp-att-12626\"><img loading=\"lazy\" class=\"aligncenter  wp-image-12626\" style=\"border: 2px solid black;\" title=\"CSU Maut zur Totalu?berwachung   2016-12-12 um 17.05.19\" src=\"https:\/\/www.fm-tv.net\/wordpress\/wp-content\/uploads\/CSU-Maut-zur-Totalu?berwachung-2016-12-12-um-17.05.19.png\" alt=\"\" width=\"500\" height=\"450\" \/><\/a><\/p>\n<p style=\"text-align: center;\">Und es ist klar: die politischen Antreiber sind weniger die politischen Parteien und Beh\u00f6rden in Deutschland,<\/p>\n<p style=\"text-align: center;\">sondern dortige Massenmedien.<\/p>\n<p style=\"text-align: center;\">Sie hatten schon in Sachen Einpeitschung der Deutschen auf den Krieg gegen Russland, Frankreich, dann England und die USA<\/p>\n<p style=\"text-align: center;\">den entscheidenden Pakt \u00fcbernommen.<\/p>\n<p style=\"text-align: center;\">Das war in den Jahren 1914 fortfolgende.<\/p>\n<p style=\"text-align: center;\">So nun eine aktuelle \u00c4u\u00dferung Constantin Canaris in Huffington Post (13.12.2016):<\/p>\n<p style=\"text-align: center;\"><a href=\"https:\/\/www.fm-tv.net\/wordpress\/?attachment_id=12629\" rel=\"attachment wp-att-12629\"><img loading=\"lazy\" class=\"aligncenter  wp-image-12629\" style=\"border: 2px solid black;\" title=\"Massenmedien treiben in den Untergang 2016-12-13 um 00.39.11\" src=\"https:\/\/www.fm-tv.net\/wordpress\/wp-content\/uploads\/Massenmedien-treiben-in-den-Untergang-2016-12-13-um-00.39.11.png\" alt=\"\" width=\"500\" height=\"350\" \/><\/a><\/p>\n<p style=\"text-align: center;\"><a href=\"https:\/\/www.fm-tv.net\/wordpress\/?attachment_id=12628\" rel=\"attachment wp-att-12628\"><img loading=\"lazy\" class=\"aligncenter  wp-image-12628\" style=\"border: 2px solid black;\" title=\"Massenmedien treiben in den Untergang  2016-12-13 um 00.44.03\" src=\"https:\/\/www.fm-tv.net\/wordpress\/wp-content\/uploads\/Massenmedien-treiben-in-den-Untergang-2016-12-13-um-00.44.03.png\" alt=\"\" width=\"500\" height=\"250\" \/><\/a><\/p>\n<p style=\"text-align: center;\">Und schlu\u00dfendlich eine bemerkenswerte,<\/p>\n<p style=\"text-align: center;\">jedoch ebenso offensichtliche Erkenntnis aus Gro\u00dfbritannien<\/p>\n<p style=\"text-align: center;\">(Huffington Post 12.12.2016):<\/p>\n<p style=\"text-align: center;\"><a href=\"https:\/\/www.fm-tv.net\/wordpress\/?attachment_id=12631\" rel=\"attachment wp-att-12631\"><img loading=\"lazy\" class=\"aligncenter  wp-image-12631\" style=\"border: 2px solid black;\" title=\"britisch Kreative nur Gesellschaft krank 2016-12-12 um 18.34.04\" src=\"https:\/\/www.fm-tv.net\/wordpress\/wp-content\/uploads\/britisch-Kreative-nur-Gesellschaft-krank-2016-12-12-um-18.34.04.png\" alt=\"\" width=\"500\" height=\"400\" \/><\/a><\/p>\n<p style=\"text-align: center;\"><a href=\"https:\/\/www.fm-tv.net\/wordpress\/?attachment_id=12632\" rel=\"attachment wp-att-12632\"><img loading=\"lazy\" class=\"aligncenter  wp-image-12632\" style=\"border: 2px solid black;\" title=\"britisch Kreative nur Gesellschaft krank 2016-12-12 um 18.34.43\" src=\"https:\/\/www.fm-tv.net\/wordpress\/wp-content\/uploads\/britisch-Kreative-nur-Gesellschaft-krank-2016-12-12-um-18.34.43.png\" alt=\"\" width=\"500\" height=\"400\" \/><\/a><\/p>\n","protected":false},"excerpt":{"rendered":"<p>&nbsp; von constantin-canaris, 27.11.2016 &nbsp; Ein Hinweis: Nachfolgend get\u00e4tigte Aussagen sind im Verbund mit vielen Artikeln in dieser fm-tv.net und fmtvnet.wordpress.com wie antaris.tv wie ra-kanzlei-koeppl.de zu verstehen. &nbsp; Gewarnt und gewarnt in den vierzig Jahren vor einem Kurs in Hochverschuldung, in Unterdr\u00fcckung von Umwelttechnologien \u2013 gewarnt zum Beispiel durch uns (*1). Und nichts lie\u00df sich [&hellip;]<\/p>\n","protected":false},"author":3,"featured_media":0,"comment_status":"closed","ping_status":"closed","sticky":false,"template":"","format":"standard","meta":[],"categories":[1,24,166,42,44],"tags":[227],"_links":{"self":[{"href":"https:\/\/www.fm-tv.net\/wordpress\/index.php?rest_route=\/wp\/v2\/posts\/12442"}],"collection":[{"href":"https:\/\/www.fm-tv.net\/wordpress\/index.php?rest_route=\/wp\/v2\/posts"}],"about":[{"href":"https:\/\/www.fm-tv.net\/wordpress\/index.php?rest_route=\/wp\/v2\/types\/post"}],"author":[{"embeddable":true,"href":"https:\/\/www.fm-tv.net\/wordpress\/index.php?rest_route=\/wp\/v2\/users\/3"}],"replies":[{"embeddable":true,"href":"https:\/\/www.fm-tv.net\/wordpress\/index.php?rest_route=%2Fwp%2Fv2%2Fcomments&post=12442"}],"version-history":[{"count":89,"href":"https:\/\/www.fm-tv.net\/wordpress\/index.php?rest_route=\/wp\/v2\/posts\/12442\/revisions"}],"predecessor-version":[{"id":12634,"href":"https:\/\/www.fm-tv.net\/wordpress\/index.php?rest_route=\/wp\/v2\/posts\/12442\/revisions\/12634"}],"wp:attachment":[{"href":"https:\/\/www.fm-tv.net\/wordpress\/index.php?rest_route=%2Fwp%2Fv2%2Fmedia&parent=12442"}],"wp:term":[{"taxonomy":"category","embeddable":true,"href":"https:\/\/www.fm-tv.net\/wordpress\/index.php?rest_route=%2Fwp%2Fv2%2Fcategories&post=12442"},{"taxonomy":"post_tag","embeddable":true,"href":"https:\/\/www.fm-tv.net\/wordpress\/index.php?rest_route=%2Fwp%2Fv2%2Ftags&post=12442"}],"curies":[{"name":"wp","href":"https:\/\/api.w.org\/{rel}","templated":true}]}}