{"id":12672,"date":"2016-12-14T09:25:24","date_gmt":"2016-12-14T07:25:24","guid":{"rendered":"http:\/\/www.fm-tv.net\/wordpress\/?p=12672"},"modified":"2022-03-14T09:20:05","modified_gmt":"2022-03-14T07:20:05","slug":"das-land-durch-die-passivitat-der-mehrheit-seiner-bevolkerung-in-total-auflosung","status":"publish","type":"post","link":"https:\/\/www.fm-tv.net\/wordpress\/?p=12672","title":{"rendered":"Das Land &#8211; durch die Passivit\u00e4t der Mehrheit seiner Bev\u00f6lkerung &#8211; in Total-Aufl\u00f6sung . . . ein Flugblatt"},"content":{"rendered":"<p style=\"text-align: center;\"><a href=\"https:\/\/www.fm-tv.net\/wordpress\/?attachment_id=12687\" rel=\"attachment wp-att-12687\"><img loading=\"lazy\" class=\"aligncenter  wp-image-12687\" style=\"border: 2px solid black;\" title=\"Flugblatt 2016.12.14_1 2016-12-15 um 04.02.55\" src=\"https:\/\/www.fm-tv.net\/wordpress\/wp-content\/uploads\/Flugblatt-2016.12.14_1-2016-12-15-um-04.02.55.png\" alt=\"\" width=\"500\" height=\"650\"><\/a><\/p>\n<p style=\"text-align: center;\">Fortsetzung<\/p>\n<p style=\"text-align: center;\"><a href=\"https:\/\/www.fm-tv.net\/wordpress\/?attachment_id=12688\" rel=\"attachment wp-att-12688\"><img loading=\"lazy\" class=\"aligncenter  wp-image-12688\" style=\"border: 2px solid black;\" title=\"Flugblatt 2016.12.14_2 2016-12-15 um 04.03.32 2\" src=\"https:\/\/www.fm-tv.net\/wordpress\/wp-content\/uploads\/Flugblatt-2016.12.14_2-2016-12-15-um-04.03.32-2.png\" alt=\"\" width=\"500\" height=\"650\"><\/a><\/p>\n<p align=\"center\"><span style=\"text-decoration: underline;\">Korrektur zu oben:<\/span> In obigem Flugblatt (R\u00fcckseite) hat zu stehen &#8220; <em><strong>. . . warum die Mehrheit der deutschen Bev\u00f6lkerung zu keiner nennenswerten Abwendung f\u00e4hig ist . . .<\/strong><\/em> &#8222;<\/p>\n<p align=\"center\">Ein Richter (Dr. Josef K\u00f6ppl. Amtsgericht Passau, <a href=\"https:\/\/www.fm-tv.net\/wordpress\/?p=5689\"><strong>dazu h i e r<\/strong><\/a>) hatte im November 1941 eine Widerstandsbewegung (sog. Hochstra\u00dfenkreis) in Passau zusammen mit Dr. Stephan Billinger, mit Heinz Wagner, mit einem Geistlichen Rat (Engelmeier) und mit weiteren aufgebaut. Sicherlich erfolgte dieser Widerstand nicht rechtzeitig, zumindest jedoch in einem Zeitpunkt, diesem h\u00e4tten die Deutschen eine weitere Entwicklung hinein in die H\u00f6lle verhindern k\u00f6nnen.<\/p>\n<p align=\"center\">Sie taten es nicht, sie handelten nicht.<\/p>\n<p align=\"center\"><span style=\"text-decoration: underline;\">Die Parallelit\u00e4t zu heute:<\/span><\/p>\n<p align=\"center\">WELTLAGE im Augenblick (mit Aktualisierungen aus wichtigem Anla\u00df):<\/p>\n<p align=\"center\">1. &nbsp;England hat sich vom europ\u00e4ischen Kontinent abgeseilt und operiert noch enger als bislang mit den USA, Kanada und Australien &#8211; Einer der Hauptgr\u00fcnde: es wird mit Unruhen auf dem Kontinent gerechnet (diese Entwicklung wurde im Wesentlichen durch Merkel im Sinne dieses Machtgebildes GB-US herbeigef\u00fchrt)<\/p>\n<p align=\"center\">2. &nbsp;Nicht nur in England, auch in den USA starke Isolationstendenzen &#8211; Devise: USA-GB first!<\/p>\n<p align=\"center\">3.&nbsp; Folgen f\u00fcr Kontinental-Europa: politisch-wirtschaftlich-sozialer Absturz \u2013 Niedergang des Euro<\/p>\n<p align=\"center\">Diese Tendenz verst\u00e4rkt die Politik der Europ\u00e4ischen Zentral-Bank (EZB), US-Goldman Sachs-Mann Mario Draghi<\/p>\n<p align=\"center\">4. Deutschland im Terror-W\u00fcrgegriff<\/p>\n<p align=\"center\">An die 7000 Terror-Verd\u00e4chtige allein in Deutschland, so der britische Geheimdienst MI6<\/p>\n<p align=\"center\">5.&nbsp; Zusatz-Gefahr:<\/p>\n<p align=\"center\">T\u00fcrkei-Erdogan und seine vielseitigen Erpressungsinstrumente: er hat seine Leute zu Hunderttausenden in Deutschland<\/p>\n<p align=\"center\">Erdogan f\u00e4llt wie dieses GB wie diese USA Kontinental-Europa in den R\u00fccken<\/p>\n<p align=\"center\">6. Kriegsgefahr:<\/p>\n<p align=\"center\">USA und GB als die Haupt-Destabilisierer in der Welt &#8211; Russland wurde gezielt provoziert &#8211; falls Trump die F\u00fchrung des Westen \u00fcbernimmt, k\u00f6nnte eine merkliche Ann\u00e4herung zu Russland die Folge sein<\/p>\n<p align=\"center\">7.&nbsp; Umweltlage:<\/p>\n<p align=\"center\">Katastrophale Wetterver\u00e4nderungen und Ver\u00e4nderungen in der Tier- und Pflanzenwelt<\/p>\n<p align=\"center\">Verheerende Auswirkungen auf die menschliche Welt<\/p>\n<p align=\"center\">__________<\/p>\n<p align=\"center\">Diese Entwicklung sollte innerhalb der zur\u00fcckliegenden 40 Jahre verhindert werden.<\/p>\n<p style=\"text-align: center;\">In Deutschland hat es besonders dreiste Einstellungen:<\/p>\n<p style=\"text-align: center;\">&#8222;<em>Na und? Was geht mich das alles an!<\/em>&#8222;<\/p>\n<p>&nbsp;<\/p>\n<p>Na, was denkt er dazu &#8211; zu diesen Nachrichten (aktualisiert)? Was macht er, wenn mal er selbst von so einem Ungl\u00fcck betroffen?<\/p>\n<p>Bild: Huffington Post 20.12.2016 &#8211; Anschlag in Berlin? Ein LKW-Fahrer rast in einen Weihnachtsmarkt &#8211; Kinder tot oder schwerstverletzt<\/p>\n<p style=\"text-align: center;\"><a href=\"https:\/\/www.fm-tv.net\/wordpress\/?attachment_id=12767\" rel=\"attachment wp-att-12767\"><img loading=\"lazy\" class=\"aligncenter  wp-image-12767\" style=\"border: 2px solid black;\" title=\"diskuss Anschlag Berlin 2016-12-20 um 05.57.55\" src=\"https:\/\/www.fm-tv.net\/wordpress\/wp-content\/uploads\/diskuss-Anschlag-Berlin-2016-12-20-um-05.57.55.png\" alt=\"\" width=\"500\" height=\"400\"><\/a><\/p>\n<p style=\"text-align: center;\"><a href=\"https:\/\/www.fm-tv.net\/wordpress\/?attachment_id=12765\" rel=\"attachment wp-att-12765\"><img loading=\"lazy\" class=\"aligncenter  wp-image-12765\" style=\"border: 2px solid black;\" title=\"Anschla?ge Verbrechen nehmen drastisch zu - BERLIN   2016-12-20 um 05.27.47\" src=\"https:\/\/www.fm-tv.net\/wordpress\/wp-content\/uploads\/Anschla?ge-Verbrechen-nehmen-drastisch-zu-BERLIN-2016-12-20-um-05.27.47.png\" alt=\"\" width=\"500\" height=\"400\"><\/a><\/p>\n<p>Deutschland im Terror-W\u00fcrgegriff &#8211; An die 7000 Terror-Verd\u00e4chtige allein in Deutschland, so der britische Geheimdienst MI6. Deutschland k\u00f6nne diese gro\u00dfe Anzahl niemals bew\u00e4ltigen.<\/p>\n<p>Bild: Deutsche-Wirtschafts-Nachrichten v. 23.12.2016<\/p>\n<p style=\"text-align: center;\"><a href=\"https:\/\/www.fm-tv.net\/wordpress\/?attachment_id=12787\" rel=\"attachment wp-att-12787\"><img loading=\"lazy\" class=\"aligncenter  wp-image-12787\" style=\"border: 2px solid black;\" title=\"Briti Geheimdienst_u?ber 7000 Terrorverda?chtige i BRD  2016-12-23 um 07.08.00\" src=\"https:\/\/www.fm-tv.net\/wordpress\/wp-content\/uploads\/Briti-Geheimdienst_u?ber-7000-Terrorverda?chtige-i-BRD-2016-12-23-um-07.08.00.png\" alt=\"\" width=\"500\" height=\"400\"><\/a><\/p>\n<p style=\"text-align: center;\"><a href=\"https:\/\/www.fm-tv.net\/wordpress\/?attachment_id=12786\" rel=\"attachment wp-att-12786\"><img loading=\"lazy\" class=\"aligncenter  wp-image-12786\" style=\"border: 2px solid black;\" title=\"Briti Geheimdienst_u?ber 7000 Terrorverda?chtige i BRD   2016-12-23 um 07.10.15\" src=\"https:\/\/www.fm-tv.net\/wordpress\/wp-content\/uploads\/Briti-Geheimdienst_u?ber-7000-Terrorverda?chtige-i-BRD-2016-12-23-um-07.10.15.png\" alt=\"\" width=\"500\" height=\"400\"><\/a><\/p>\n<p>Das &#8222;Haus Merkel&#8220; hat sich die Terror-Verd\u00e4chtigen frei Haus liefern lassen. Und Medien unterst\u00fctzten sie hierbei.<\/p>\n<p>Viele ungewohnte Vorkommnisse &#8211; M\u00e4dchen, Frauen, die alleine unterwegs, in diesem Merkel-Deutschland, mit einem mal gef\u00e4hrdet. Viele Frauen hatten jedoch Merkel gew\u00e4hlt. Sie dachten, dass diese eine Landesmutter sei oder sich zu einer solchen entwickeln k\u00f6nnte. Nein, sie sch\u00fctzte das Land nicht. Sie f\u00fcllte es an mit vielen Gegnern.<\/p>\n<p>Bild: einige Hintergr\u00fcnde zu Merkels Versagen vom September 2015 (aktuelle Leser-Kommentierung in Huffington Post, 21.12.2016)<\/p>\n<p style=\"text-align: center;\"><a href=\"https:\/\/www.fm-tv.net\/wordpress\/?attachment_id=12783\" rel=\"attachment wp-att-12783\"><img loading=\"lazy\" class=\"aligncenter  wp-image-12783\" style=\"border: 2px solid black;\" title=\"diskuss Briten Nordamerikaner hinter d Attenta?tern in Frage  2016-12-22 um 13.05.38\" src=\"https:\/\/www.fm-tv.net\/wordpress\/wp-content\/uploads\/diskuss-Briten-Nordamerikaner-hinter-d-Attenta?tern-in-Frage-2016-12-22-um-13.05.38.png\" alt=\"\" width=\"500\" height=\"400\"><\/a><\/p>\n<p style=\"text-align: center;\"><a href=\"https:\/\/www.fm-tv.net\/wordpress\/?attachment_id=12784\" rel=\"attachment wp-att-12784\"><img loading=\"lazy\" class=\"aligncenter  wp-image-12784\" style=\"border: 2px solid black;\" title=\"diskuss Briten Nordamerikaner hinter d Attenta?tern in Frage  2016-12-22 um 13.03.40\" src=\"https:\/\/www.fm-tv.net\/wordpress\/wp-content\/uploads\/diskuss-Briten-Nordamerikaner-hinter-d-Attenta?tern-in-Frage-2016-12-22-um-13.03.40.png\" alt=\"\" width=\"500\" height=\"400\"><\/a><\/p>\n<p>Wer verhalf Merkel zu dieser Autorit\u00e4t, zu dieser Machtausstattung, auf Grund von dieser sie ihr Land mit Trojanern anzuf\u00fcllen vermochte? Welche Macht st\u00fctzt sie? Aufschlu\u00df k\u00f6nnte geben dieses (DIE WELT 3.1.2017):<\/p>\n<p style=\"text-align: center;\"><a href=\"https:\/\/www.fm-tv.net\/wordpress\/?attachment_id=12855\" rel=\"attachment wp-att-12855\"><img loading=\"lazy\" class=\"aligncenter  wp-image-12855\" style=\"border: 2px solid black;\" title=\"Briten brauchen Kanzlerin Merkel  2017-01-03 um 13.07.08\" src=\"https:\/\/www.fm-tv.net\/wordpress\/wp-content\/uploads\/Briten-brauchen-Kanzlerin-Merkel-2017-01-03-um-13.07.08.png\" alt=\"\" width=\"500\" height=\"320\"><\/a><\/p>\n<p style=\"text-align: center;\"><a href=\"https:\/\/www.fm-tv.net\/wordpress\/?attachment_id=12853\" rel=\"attachment wp-att-12853\"><img loading=\"lazy\" class=\"aligncenter  wp-image-12853\" style=\"border: 2px solid black;\" title=\"Briten brauchen Kanzlerin  2017-01-03 um 13.10.47\" src=\"https:\/\/www.fm-tv.net\/wordpress\/wp-content\/uploads\/Briten-brauchen-Kanzlerin-2017-01-03-um-13.10.47.png\" alt=\"\" width=\"500\" height=\"350\"><\/a><\/p>\n<p style=\"text-align: center;\"><a href=\"https:\/\/www.fm-tv.net\/wordpress\/?attachment_id=12854\" rel=\"attachment wp-att-12854\"><img loading=\"lazy\" class=\"aligncenter  wp-image-12854\" style=\"border: 2px solid black;\" title=\"Briten brauchen Kanzlerin  2017-01-03 um 13.10.08\" src=\"https:\/\/www.fm-tv.net\/wordpress\/wp-content\/uploads\/Briten-brauchen-Kanzlerin-2017-01-03-um-13.10.08.png\" alt=\"\" width=\"500\" height=\"350\"><\/a><\/p>\n<p>Bild unten: Deutsche Wirtschafts Nachrichten v. 27.12.2016<\/p>\n<p>Das Nachrichtenblatt st\u00fctzt sich auf eine \u00c4u\u00dferung des CIA-Direktors John Brennan, wonach die USA wie weitere westliche Staaten in Syrien einen verdeckten Krieg gegen die Assad-Regierung f\u00fchrt(e).<\/p>\n<p style=\"text-align: center;\"><a href=\"https:\/\/www.fm-tv.net\/wordpress\/?attachment_id=12831\" rel=\"attachment wp-att-12831\"><img loading=\"lazy\" class=\"aligncenter  wp-image-12831\" style=\"border: 2px solid black;\" title=\"USA geben Verantw i Syrien zu  2016-12-27 um 08.33.10\" src=\"https:\/\/www.fm-tv.net\/wordpress\/wp-content\/uploads\/USA-geben-Verantw-i-Syrien-zu-2016-12-27-um-08.33.10.png\" alt=\"\" width=\"500\" height=\"350\"><\/a><\/p>\n<p style=\"text-align: center;\"><a href=\"https:\/\/www.fm-tv.net\/wordpress\/?attachment_id=12830\" rel=\"attachment wp-att-12830\"><img loading=\"lazy\" class=\"aligncenter  wp-image-12830\" style=\"border: 2px solid black;\" title=\"USA geben Verantw i Syrien zu   2016-12-27 um 08.35.12\" src=\"https:\/\/www.fm-tv.net\/wordpress\/wp-content\/uploads\/USA-geben-Verantw-i-Syrien-zu-2016-12-27-um-08.35.12.png\" alt=\"\" width=\"500\" height=\"350\"><\/a><\/p>\n<p style=\"text-align: center;\"><a href=\"https:\/\/www.fm-tv.net\/wordpress\/?attachment_id=12829\" rel=\"attachment wp-att-12829\"><img loading=\"lazy\" class=\"aligncenter  wp-image-12829\" style=\"border: 2px solid black;\" title=\"USA geben Verantw i Syrien zu   2016-12-27 um 08.36.55\" src=\"https:\/\/www.fm-tv.net\/wordpress\/wp-content\/uploads\/USA-geben-Verantw-i-Syrien-zu-2016-12-27-um-08.36.55.png\" alt=\"\" width=\"500\" height=\"300\"><\/a><\/p>\n<p>Nachfolgend eine Kommentierung in der Huffington Post vom 28.12.2016, die eine Zusammenfassung der zur\u00fcckliegenden sieben Jahrzehnte (nach 1945) beinhaltet.<\/p>\n<p>Bild: Kommentierung in der Huffington Post, 28.12.2016<\/p>\n<p style=\"text-align: center;\"><a href=\"https:\/\/www.fm-tv.net\/wordpress\/?attachment_id=12836\" rel=\"attachment wp-att-12836\"><img loading=\"lazy\" class=\"aligncenter  wp-image-12836\" style=\"border: 2px solid black;\" title=\"diskuss wichtigst Hauptta?ter in Washington und GB 2016-12-28 um 12.35.20\" src=\"https:\/\/www.fm-tv.net\/wordpress\/wp-content\/uploads\/diskuss-wichtigst-Hauptta?ter-in-Washington-und-GB-2016-12-28-um-12.35.20.png\" alt=\"\" width=\"500\" height=\"400\"><\/a><\/p>\n<p>Die Kommentierung von Constantin Canaris fortgef\u00fchrt:<\/p>\n<p style=\"text-align: center;\"><a href=\"https:\/\/www.fm-tv.net\/wordpress\/?attachment_id=12838\" rel=\"attachment wp-att-12838\"><img loading=\"lazy\" class=\"aligncenter  wp-image-12838\" style=\"border: 2px solid black;\" title=\"diskuss wichtigst Hauptta?ter in Washington und GB  2016-12-28 um 12.50.42\" src=\"https:\/\/www.fm-tv.net\/wordpress\/wp-content\/uploads\/diskuss-wichtigst-Hauptta?ter-in-Washington-und-GB-2016-12-28-um-12.50.42.png\" alt=\"\" width=\"500\" height=\"200\"><\/a><\/p>\n<p style=\"text-align: center;\"><a href=\"https:\/\/www.fm-tv.net\/wordpress\/?attachment_id=12835\" rel=\"attachment wp-att-12835\"><img loading=\"lazy\" class=\"aligncenter  wp-image-12835\" style=\"border: 2px solid black;\" title=\"diskuss wichtigst Hauptta?ter in Washington und GB  2016-12-28 um 12.35.57\" src=\"https:\/\/www.fm-tv.net\/wordpress\/wp-content\/uploads\/diskuss-wichtigst-Hauptta?ter-in-Washington-und-GB-2016-12-28-um-12.35.57.png\" alt=\"\" width=\"500\" height=\"600\"><\/a><\/p>\n<p>Nun, die damaligen Staatsf\u00fchrer Bush jun. (USA) und Blair (GB) m\u00fcssen wegen ihres Irakkrieges und dessen Folgen mit als die gr\u00f6\u00dften Verbrecher der \u00c4ra nach 1945 eingrstuft werden. Vor einem derartigen Vorgehen war der Westen in B\u00fcchern der 80er und 90er Jahre gewarnt worden.<\/p>\n<p>Bild: Huffingtonpost vom 28.12.2016<\/p>\n<p style=\"text-align: center;\"><a href=\"https:\/\/www.fm-tv.net\/wordpress\/?attachment_id=12845\" rel=\"attachment wp-att-12845\"><img loading=\"lazy\" class=\"aligncenter  wp-image-12845\" style=\"border: 2px solid black;\" title=\"Bush u Blair schufen d Weltterrorismus 2016-12-29 um 04.38.56\" src=\"https:\/\/www.fm-tv.net\/wordpress\/wp-content\/uploads\/Bush-u-Blair-schufen-d-Weltterrorismus-2016-12-29-um-04.38.56.png\" alt=\"\" width=\"500\" height=\"450\"><\/a><\/p>\n<p style=\"text-align: center;\"><a href=\"https:\/\/www.fm-tv.net\/wordpress\/?attachment_id=12844\" rel=\"attachment wp-att-12844\"><img loading=\"lazy\" class=\"aligncenter  wp-image-12844\" style=\"border: 2px solid black;\" title=\"Bush u Blair schufen d Weltterrorismus  2016-12-29 um 04.39.19\" src=\"https:\/\/www.fm-tv.net\/wordpress\/wp-content\/uploads\/Bush-u-Blair-schufen-d-Weltterrorismus-2016-12-29-um-04.39.19.png\" alt=\"\" width=\"500\" height=\"400\"><\/a><\/p>\n<p>Eine Diskussion in der Huffingtonpost vom 28. und 29.12.2016 (Bilderfolge):<\/p>\n<p style=\"text-align: center;\"><a href=\"https:\/\/www.fm-tv.net\/wordpress\/?attachment_id=12846\" rel=\"attachment wp-att-12846\"><img loading=\"lazy\" class=\"aligncenter  wp-image-12846\" style=\"border: 2px solid black;\" title=\"diskuss Bush u Blair schufen d Weltterrorismus  2016-12-29 um 04.45.48\" src=\"https:\/\/www.fm-tv.net\/wordpress\/wp-content\/uploads\/diskuss-Bush-u-Blair-schufen-d-Weltterrorismus-2016-12-29-um-04.45.481.png\" alt=\"\" width=\"500\" height=\"350\"><\/a><\/p>\n<p style=\"text-align: center;\"><a href=\"https:\/\/www.fm-tv.net\/wordpress\/?attachment_id=12842\" rel=\"attachment wp-att-12842\"><img loading=\"lazy\" class=\"aligncenter  wp-image-12842\" style=\"border: 2px solid black;\" title=\"diskuss Bush u Blair schufen d Weltterrorismus  2016-12-29 um 04.46.19\" src=\"https:\/\/www.fm-tv.net\/wordpress\/wp-content\/uploads\/diskuss-Bush-u-Blair-schufen-d-Weltterrorismus-2016-12-29-um-04.46.19.png\" alt=\"\" width=\"500\" height=\"400\"><\/a><\/p>\n<p style=\"text-align: center;\"><a href=\"https:\/\/www.fm-tv.net\/wordpress\/?attachment_id=12841\" rel=\"attachment wp-att-12841\"><img loading=\"lazy\" class=\"aligncenter  wp-image-12841\" style=\"border: 2px solid black;\" title=\"diskuss Bush u Blair schufen d Weltterrorismus  2016-12-29 um 04.47.06\" src=\"https:\/\/www.fm-tv.net\/wordpress\/wp-content\/uploads\/diskuss-Bush-u-Blair-schufen-d-Weltterrorismus-2016-12-29-um-04.47.06.png\" alt=\"\" width=\"500\" height=\"400\"><\/a><\/p>\n<p style=\"text-align: center;\"><a href=\"https:\/\/www.fm-tv.net\/wordpress\/?attachment_id=12840\" rel=\"attachment wp-att-12840\"><img loading=\"lazy\" class=\"aligncenter  wp-image-12840\" style=\"border: 2px solid black;\" title=\"diskuss Bush u Blair schufen d Weltterrorismus  2016-12-29 um 09.32.42\" src=\"https:\/\/www.fm-tv.net\/wordpress\/wp-content\/uploads\/diskuss-Bush-u-Blair-schufen-d-Weltterrorismus-2016-12-29-um-09.32.42.png\" alt=\"\" width=\"500\" height=\"450\"><\/a><\/p>\n<p style=\"text-align: center;\"><a href=\"https:\/\/www.fm-tv.net\/wordpress\/?attachment_id=12836\" rel=\"attachment wp-att-12836\"><img loading=\"lazy\" class=\"aligncenter  wp-image-12836\" style=\"border: 2px solid black;\" title=\"diskuss wichtigst Hauptta?ter in Washington und GB 2016-12-28 um 12.35.20\" src=\"https:\/\/www.fm-tv.net\/wordpress\/wp-content\/uploads\/diskuss-wichtigst-Hauptta?ter-in-Washington-und-GB-2016-12-28-um-12.35.20.png\" alt=\"\" width=\"500\" height=\"450\"><\/a><\/p>\n<p style=\"text-align: center;\"><a href=\"https:\/\/www.fm-tv.net\/wordpress\/?attachment_id=12838\" rel=\"attachment wp-att-12838\"><img loading=\"lazy\" class=\"aligncenter\" style=\"border: 2px solid black;\" title=\"diskuss wichtigst Hauptta?ter in Washington und GB  2016-12-28 um 12.50.42\" src=\"https:\/\/www.fm-tv.net\/wordpress\/wp-content\/uploads\/diskuss-wichtigst-Hauptta?ter-in-Washington-und-GB-2016-12-28-um-12.50.42.png\" alt=\"\" width=\"500\" height=\"200\"><\/a><\/p>\n<p style=\"text-align: center;\"><a href=\"https:\/\/www.fm-tv.net\/wordpress\/?attachment_id=12835\" rel=\"attachment wp-att-12835\"><img loading=\"lazy\" class=\"aligncenter  wp-image-12835\" style=\"border: 2px solid black;\" title=\"diskuss wichtigst Hauptta?ter in Washington und GB  2016-12-28 um 12.35.57\" src=\"https:\/\/www.fm-tv.net\/wordpress\/wp-content\/uploads\/diskuss-wichtigst-Hauptta?ter-in-Washington-und-GB-2016-12-28-um-12.35.57.png\" alt=\"\" width=\"500\" height=\"550\"><\/a><\/p>\n<p>&nbsp;<\/p>\n<p>&nbsp;<\/p>\n<p style=\"text-align: center;\">______________________<\/p>\n<p>Deutschland ger\u00e4t jedoch auch durch andere Vorg\u00e4nge unter die R\u00e4der . . . (Verweis auf die Vielzahl von Artikeln in der fm-tv.net). Das jahrzehntew\u00e4hrende Weckgucken von so vielen lohnt sich nicht.<\/p>\n<p>Einer dieser Gefahrenherde ist global: Der Klimawandel &#8211; Extreme Wetterlagen, heisse Sommer, tiefkalte Winter . . .<\/p>\n<p>Bild: SZ Online 2017.1.16<\/p>\n<p style=\"text-align: center;\"><a href=\"https:\/\/www.fm-tv.net\/wordpress\/?attachment_id=12955\" rel=\"attachment wp-att-12955\"><img loading=\"lazy\" class=\"aligncenter  wp-image-12955\" style=\"border: 2px solid black;\" title=\"Klima wird extremer  2017-01-16 um 15.01.29\" src=\"https:\/\/www.fm-tv.net\/wordpress\/wp-content\/uploads\/Klima-wird-extremer-2017-01-16-um-15.01.29.png\" alt=\"\" width=\"500\" height=\"350\"><\/a><\/p>\n<p style=\"text-align: center;\"><a href=\"https:\/\/www.fm-tv.net\/wordpress\/?attachment_id=12953\" rel=\"attachment wp-att-12953\"><img loading=\"lazy\" class=\"aligncenter  wp-image-12953\" style=\"border: 2px solid black;\" title=\"Klima wird extremer  2017-01-16 um 15.03.12\" src=\"https:\/\/www.fm-tv.net\/wordpress\/wp-content\/uploads\/Klima-wird-extremer-2017-01-16-um-15.03.12.png\" alt=\"\" width=\"500\" height=\"350\"><\/a><\/p>\n<p style=\"text-align: center;\"><a href=\"https:\/\/www.fm-tv.net\/wordpress\/?attachment_id=12954\" rel=\"attachment wp-att-12954\"><img loading=\"lazy\" class=\"aligncenter  wp-image-12954\" style=\"border: 2px solid black;\" title=\"Klima wird extremer  2017-01-16 um 15.02.15\" src=\"https:\/\/www.fm-tv.net\/wordpress\/wp-content\/uploads\/Klima-wird-extremer-2017-01-16-um-15.02.15.png\" alt=\"\" width=\"500\" height=\"350\"><\/a><\/p>\n<p style=\"text-align: center;\"><a href=\"https:\/\/www.fm-tv.net\/wordpress\/?attachment_id=12951\" rel=\"attachment wp-att-12951\"><img loading=\"lazy\" class=\"aligncenter  wp-image-12951\" style=\"border: 2px solid black;\" title=\"Klima wird extremer  2017-01-16 um 15.03.49\" src=\"https:\/\/www.fm-tv.net\/wordpress\/wp-content\/uploads\/Klima-wird-extremer-2017-01-16-um-15.03.49.png\" alt=\"\" width=\"500\" height=\"350\"><\/a><\/p>\n<p style=\"text-align: center;\"><a href=\"https:\/\/www.fm-tv.net\/wordpress\/?attachment_id=12952\" rel=\"attachment wp-att-12952\"><img loading=\"lazy\" class=\"aligncenter  wp-image-12952\" style=\"border: 2px solid black;\" title=\"Klima wird extremer  2017-01-16 um 15.03.29\" src=\"https:\/\/www.fm-tv.net\/wordpress\/wp-content\/uploads\/Klima-wird-extremer-2017-01-16-um-15.03.29.png\" alt=\"\" width=\"500\" height=\"350\"><\/a><\/p>\n<p style=\"text-align: center;\"><a href=\"https:\/\/www.fm-tv.net\/wordpress\/?attachment_id=12950\" rel=\"attachment wp-att-12950\"><img loading=\"lazy\" class=\"aligncenter  wp-image-12950\" style=\"border: 2px solid black;\" title=\"Klima wird extremer  2017-01-16 um 15.04.29\" src=\"https:\/\/www.fm-tv.net\/wordpress\/wp-content\/uploads\/Klima-wird-extremer-2017-01-16-um-15.04.29.png\" alt=\"\" width=\"500\" height=\"350\"><\/a><\/p>\n<p>Das Eis schmilzt an den Polen. Vor allem wenn das Eis in der Antarktis schmilzt: Das wird die Meere auf weit \u00fcber zehn Meter ansteigen lassen.<\/p>\n<p>Bild: Spiegel 17.12.2016, &#8222;Globale Gefahr Klimawandel &#8211; &#8222;Irgendwann gibt es Hamburg nicht mehr&#8220;<\/p>\n<p style=\"text-align: center;\"><a href=\"https:\/\/www.fm-tv.net\/wordpress\/?attachment_id=12729\" rel=\"attachment wp-att-12729\"><img loading=\"lazy\" class=\"aligncenter  wp-image-12729\" style=\"border: 2px solid black;\" title=\"Spiegel_Hamburg ua gehen unter  2016-12-17 um 12.28.39\" src=\"https:\/\/www.fm-tv.net\/wordpress\/wp-content\/uploads\/Spiegel_Hamburg-ua-gehen-unter-2016-12-17-um-12.28.39.png\" alt=\"\" width=\"500\" height=\"400\"><\/a><\/p>\n<p>Auf alternative Antriebssysteme hatte SPIEGEL in den vier Jahrzehnten &#8211; m\u00f6glicherweise vors\u00e4tzlich &#8211; nur selten hingewiesen. Die Kollegen MEDIEN insgesamt auch nicht. Ein Vers\u00e4umnis mit m\u00f6glich gro\u00dfen Auswirkungen. Es k\u00f6nnte jedoch auch radioaktive Strahlung in der Stratosph\u00e4re eine gro\u00dfe Rolle spielen. <strong><\/strong><\/p>\n<p style=\"text-align: center;\"><strong>W\u00fcrden Massenmedien (international\/national) <strong>in den 70er\/80er Jahren <\/strong>positiven Druck auf Bev\u00f6lkerung und Beh\u00f6rden ausge\u00fcbt haben, h\u00e4tte es heute eine andere Realit\u00e4t.<\/strong><\/p>\n<p>Bild: Spiegel in Fortsetzung<\/p>\n<p style=\"text-align: center;\"><a href=\"https:\/\/www.fm-tv.net\/wordpress\/?attachment_id=12731\" rel=\"attachment wp-att-12731\"><img loading=\"lazy\" class=\"aligncenter  wp-image-12731\" style=\"border: 2px solid black;\" title=\"Spiegel_Hamburg ua gehen unter  2016-12-17 um 12.31.46\" src=\"https:\/\/www.fm-tv.net\/wordpress\/wp-content\/uploads\/Spiegel_Hamburg-ua-gehen-unter-2016-12-17-um-12.31.46.png\" alt=\"\" width=\"500\" height=\"400\"><\/a><\/p>\n<p style=\"text-align: center;\"><a href=\"https:\/\/www.fm-tv.net\/wordpress\/?attachment_id=12730\" rel=\"attachment wp-att-12730\"><img loading=\"lazy\" class=\"aligncenter  wp-image-12730\" style=\"border: 2px solid black;\" title=\"Spiegel_Hamburg ua gehen unter   2016-12-17 um 12.32.09\" src=\"https:\/\/www.fm-tv.net\/wordpress\/wp-content\/uploads\/Spiegel_Hamburg-ua-gehen-unter-2016-12-17-um-12.32.09.png\" alt=\"\" width=\"500\" height=\"400\"><\/a><\/p>\n<p data-cke-saved-href=\"https:\/\/www.fm-tv.net\/wordpress\">Was sind unsere Warnungen aus den 70er Jahren wert? Einen Pfifferling! Sie wurden nicht umgesetzt: Medien lichteten nichts ab. Und die Mitb\u00fcrger: deutliches Desinteresse.<\/p>\n<div style=\"text-align: center;\">Daran zu denken, dass die meisten Menschen nicht weit voraus zu blicken verm\u00f6gen,<\/div>\n<div style=\"text-align: center;\">ist nicht verkehrt.<\/div>\n<div style=\"text-align: center;\"><\/div>\n<div style=\"text-align: center;\">Eine Ungarin schrieb dieses:<\/div>\n<div style=\"text-align: center;\">\n<p><strong>NACH solchen &#8211; GROSSEN TRAG\u00d6DIEN &amp; TERROR&nbsp; &#8211; in DEUTSCHLAND &#8211;<\/strong><\/p>\n<p><strong>ich&nbsp; habe nachgedacht, ob ich&#8230;. als eine geb.&nbsp; UNGARIN &#8230;.<\/strong><\/p>\n<p><strong>unbedingt in DEUTSCHLAND&nbsp; bleiben&nbsp; soll&#8230;???!<\/strong><\/p>\n<p><strong>VIELE &#8211; &#8222;AUS BELGIEN&#8220; &#8211;<\/strong><\/p>\n<p><strong>kaufen in UNGARN-&#8220; H\u00e4user &amp; Wohnungen&#8220;- nacheinander auf &#8230;?!!<\/strong><\/p>\n<p><strong><br \/>\n<\/strong><\/p>\n<\/div>\n<div style=\"text-align: center;\">\n<div>Liebe Kathalina,<\/div>\n<div><\/div>\n<div>wir wissen seit l\u00e4ngerem nicht, wie das l\u00e4uft im Land, in Europa.<\/div>\n<div><\/div>\n<div>Es wurden die Grundwerte au\u00dfer kraft gesetzt (der Prozess bereits ab den 60er Jahren eingeleitet), das h\u00f6chste Gut von Menschen vernichtet.<\/div>\n<div>Es gibt nun viele M\u00f6glichkeiten. Es sind meist keine guten.<\/div>\n<div>Der Planet wurde so gr\u00fcndlich versaut, dass es besser w\u00e4re, er w\u00fcrde sich sch\u00fctteln und damit grundweg reinigen.<\/div>\n<div>Das schlimmste Gift &#8211; es ist ein inneres &#8211; streuten die Massenmedien. Die Massen von Menschen folgten ihnen auf den Fu\u00df.<\/div>\n<div>Die Folgen selbst sind ohne Aufbau der Werte nicht beseitigbar.<\/div>\n<\/div>\n<div style=\"text-align: center;\">__________<\/div>\n<div style=\"text-align: center;\"><\/div>\n<div style=\"text-align: left;\">Beabsichtigen gewisse Briten, Nordamerikaner einen Krieg auf dem europ\u00e4ischen Kontinent, um ihn als Konkurrenten auszuschalten? Was bedeutet der BREXIT, der Austritt Gro\u00dfbritanniens aus der Europ\u00e4ischen Union? Will sich Gro\u00dfbritannien damit von den Fl\u00fcchtlingsstr\u00f6men fernhalten?<\/div>\n<div style=\"text-align: left;\">Bild: Eine Leserkommentierung in der Huffington Post vom 21.12.2016<\/div>\n<div style=\"text-align: left;\"><a href=\"https:\/\/www.fm-tv.net\/wordpress\/?attachment_id=12775\" rel=\"attachment wp-att-12775\"><img loading=\"lazy\" class=\"aligncenter  wp-image-12775\" style=\"border: 2px solid black;\" title=\"diskuss Medienhetzer gegen Dtschl  2016-12-21 um 22.17.03\" src=\"https:\/\/www.fm-tv.net\/wordpress\/wp-content\/uploads\/diskuss-Medienhetzer-gegen-Dtschl-2016-12-21-um-22.17.03.png\" alt=\"\" width=\"500\" height=\"350\"><\/a><\/div>\n<div style=\"text-align: left;\"><\/div>\n<div style=\"text-align: left;\"><a href=\"https:\/\/www.fm-tv.net\/wordpress\/?attachment_id=12779\" rel=\"attachment wp-att-12779\"><img loading=\"lazy\" class=\"aligncenter  wp-image-12779\" style=\"border: 2px solid black;\" title=\"diskuss Brite als Lehrmeister 2016-12-21 um 20.24.20\" src=\"https:\/\/www.fm-tv.net\/wordpress\/wp-content\/uploads\/diskuss-Brite-als-Lehrmeister-2016-12-21-um-20.24.20.png\" alt=\"\" width=\"500\" height=\"400\"><\/a><\/div>\n<div style=\"text-align: left;\"><\/div>\n<div style=\"text-align: left;\"><a href=\"https:\/\/www.fm-tv.net\/wordpress\/?attachment_id=12777\" rel=\"attachment wp-att-12777\"><img loading=\"lazy\" class=\"aligncenter  wp-image-12777\" style=\"border: 2px solid black;\" title=\"Massenmedien drehen schon seit vielen Jahren durch 2016-12-21 um 21.28.02\" src=\"https:\/\/www.fm-tv.net\/wordpress\/wp-content\/uploads\/Massenmedien-drehen-schon-seit-vielen-Jahren-durch-2016-12-21-um-21.28.02.png\" alt=\"\" width=\"500\" height=\"300\"><\/a><\/div>\n<div style=\"text-align: left;\"><\/div>\n<div style=\"text-align: left;\">Ja, &#8222;Deutschland k\u00f6nnte durchdrehen&#8220; (Huffington Post). Das verwundert nicht: es wurde durch Massenmedien in den zur\u00fcckliegenden f\u00fcnf Jahrzehnten in einen moralischen Sumpf getrieben, soda\u00df es heute Kakerlaken und anderes aus der hingehaltenen Hand der Sender RTL&amp;Co. fri\u00dft.<\/div>\n<div style=\"text-align: left;\">Bild: web.de v. 14.1.2017<\/div>\n<div style=\"text-align: left;\"><a href=\"https:\/\/www.fm-tv.net\/wordpress\/?attachment_id=12921\" rel=\"attachment wp-att-12921\"><img loading=\"lazy\" class=\"aligncenter  wp-image-12921\" style=\"border: 2px solid black;\" title=\"Medien Volk in moralisch Sumpf treiben 2017-01-14 um 09.51.30\" src=\"https:\/\/www.fm-tv.net\/wordpress\/wp-content\/uploads\/Medien-Volk-in-moralisch-Sumpf-treiben-2017-01-14-um-09.51.30.png\" alt=\"\" width=\"500\" height=\"350\"><\/a><\/div>\n<div style=\"text-align: left;\"><\/div>\n<div style=\"text-align: left;\"><a href=\"https:\/\/www.fm-tv.net\/wordpress\/?attachment_id=12922\" rel=\"attachment wp-att-12922\"><img loading=\"lazy\" class=\"aligncenter  wp-image-12922\" style=\"border: 2px solid black;\" title=\"Medien Volk in moralisch Sumpf treiben 2017-01-14 um 09.51.55\" src=\"https:\/\/www.fm-tv.net\/wordpress\/wp-content\/uploads\/Medien-Volk-in-moralisch-Sumpf-treiben-2017-01-14-um-09.51.55.png\" alt=\"\" width=\"500\" height=\"250\"><\/a><\/div>\n<div style=\"text-align: left;\"><\/div>\n<div style=\"text-align: left;\">Dass die lieblichen Tiere rei\u00df aus nehmen, d\u00fcrfte einigen in Deutschland aufgefallen sein: das massenweise Vogelsterben in Deutschland<\/div>\n<div style=\"text-align: left;\">Bild: Huffington Post 2016.1.13<\/div>\n<div style=\"text-align: left;\"><a href=\"https:\/\/www.fm-tv.net\/wordpress\/?attachment_id=12923\" rel=\"attachment wp-att-12923\"><img loading=\"lazy\" class=\"aligncenter  wp-image-12923\" style=\"border: 2px solid black;\" title=\"Vogelsterben u?berall in Deutschl  2017-01-13 um 22.00.34\" src=\"https:\/\/www.fm-tv.net\/wordpress\/wp-content\/uploads\/Vogelsterben-u?berall-in-Deutschl-2017-01-13-um-22.00.34.png\" alt=\"\" width=\"500\" height=\"300\"><\/a><\/div>\n<div style=\"text-align: left;\"><\/div>\n<div style=\"text-align: left;\"><a href=\"https:\/\/www.fm-tv.net\/wordpress\/?attachment_id=12924\" rel=\"attachment wp-att-12924\"><img loading=\"lazy\" class=\"aligncenter  wp-image-12924\" style=\"border: 2px solid black;\" title=\"Vogelsterben u?berall in Deutschl   2017-01-13 um 22.02.01\" src=\"https:\/\/www.fm-tv.net\/wordpress\/wp-content\/uploads\/Vogelsterben-u?berall-in-Deutschl-2017-01-13-um-22.02.01.png\" alt=\"\" width=\"500\" height=\"350\"><\/a><\/div>\n<div style=\"text-align: left;\"><\/div>\n<div style=\"text-align: left;\"><a href=\"https:\/\/www.fm-tv.net\/wordpress\/?attachment_id=12925\" rel=\"attachment wp-att-12925\"><img loading=\"lazy\" class=\"aligncenter  wp-image-12925\" style=\"border: 2px solid black;\" title=\"Vogelsterben u?berall in Deutschl    2017-01-13 um 22.15.38\" src=\"https:\/\/www.fm-tv.net\/wordpress\/wp-content\/uploads\/Vogelsterben-u?berall-in-Deutschl-2017-01-13-um-22.15.38.png\" alt=\"\" width=\"500\" height=\"350\"><\/a><\/div>\n<div style=\"text-align: left;\"><\/div>\n","protected":false},"excerpt":{"rendered":"<p>Fortsetzung Korrektur zu oben: In obigem Flugblatt (R\u00fcckseite) hat zu stehen &#8220; . . . warum die Mehrheit der deutschen Bev\u00f6lkerung zu keiner nennenswerten Abwendung f\u00e4hig ist . . . &#8222; Ein Richter (Dr. Josef K\u00f6ppl. Amtsgericht Passau, dazu h i e r) hatte im November 1941 eine Widerstandsbewegung (sog. Hochstra\u00dfenkreis) in Passau zusammen mit [&hellip;]<\/p>\n","protected":false},"author":3,"featured_media":0,"comment_status":"closed","ping_status":"closed","sticky":true,"template":"","format":"standard","meta":[],"categories":[170,139,133,23,24,207,214,70,75],"tags":[],"_links":{"self":[{"href":"https:\/\/www.fm-tv.net\/wordpress\/index.php?rest_route=\/wp\/v2\/posts\/12672"}],"collection":[{"href":"https:\/\/www.fm-tv.net\/wordpress\/index.php?rest_route=\/wp\/v2\/posts"}],"about":[{"href":"https:\/\/www.fm-tv.net\/wordpress\/index.php?rest_route=\/wp\/v2\/types\/post"}],"author":[{"embeddable":true,"href":"https:\/\/www.fm-tv.net\/wordpress\/index.php?rest_route=\/wp\/v2\/users\/3"}],"replies":[{"embeddable":true,"href":"https:\/\/www.fm-tv.net\/wordpress\/index.php?rest_route=%2Fwp%2Fv2%2Fcomments&post=12672"}],"version-history":[{"count":54,"href":"https:\/\/www.fm-tv.net\/wordpress\/index.php?rest_route=\/wp\/v2\/posts\/12672\/revisions"}],"predecessor-version":[{"id":14539,"href":"https:\/\/www.fm-tv.net\/wordpress\/index.php?rest_route=\/wp\/v2\/posts\/12672\/revisions\/14539"}],"wp:attachment":[{"href":"https:\/\/www.fm-tv.net\/wordpress\/index.php?rest_route=%2Fwp%2Fv2%2Fmedia&parent=12672"}],"wp:term":[{"taxonomy":"category","embeddable":true,"href":"https:\/\/www.fm-tv.net\/wordpress\/index.php?rest_route=%2Fwp%2Fv2%2Fcategories&post=12672"},{"taxonomy":"post_tag","embeddable":true,"href":"https:\/\/www.fm-tv.net\/wordpress\/index.php?rest_route=%2Fwp%2Fv2%2Ftags&post=12672"}],"curies":[{"name":"wp","href":"https:\/\/api.w.org\/{rel}","templated":true}]}}