{"id":13013,"date":"2017-01-28T09:18:33","date_gmt":"2017-01-28T07:18:33","guid":{"rendered":"http:\/\/www.fm-tv.net\/wordpress\/?p=13013"},"modified":"2018-06-10T17:17:59","modified_gmt":"2018-06-10T15:17:59","slug":"politik-des-gemeinwohls-nach-optik-und-medientauglichkeit-nicht-nach-hirn-sinn-sachverstand-und-courage-warum-der-westen-im-niedergang","status":"publish","type":"post","link":"https:\/\/www.fm-tv.net\/wordpress\/?p=13013","title":{"rendered":"oben im Bild: J.B. Koeppl vor dem Machtzentrum des Westens &#8211; POLITIK des Gemeinwohls nach Optik und Medientauglichkeit, nicht nach Hirn, Sinn, Sachverstand und Courage &#8211; Warum der Westen im Niedergang"},"content":{"rendered":"<p>Eine Kurzbetrachtung von R. Kendel<\/p>\n<p>&nbsp;<\/p>\n<p>Liebe Leserinnen und Leser,<\/p>\n<p>sofern Sie nicht ganz von Gro\u00dfmedien eingenommen und bestimmt, werden Sie der \u00dcberlegung zustimmen, dass Politiker nach 1945 meist die n\u00e4mlichen Charaktere wie die vor 1945 aufweisen. Das lediglich in anderer \u00e4u\u00dferer Aufmachung. Politiker vor 1945 waren im Grunde ebenso von den in Massenmedien deutlich zutage tretenden Unwerte-Ma\u00dfst\u00e4ben abh\u00e4ngig wie Politiker nach 1945. Ein Konrad Adenauer resignierte schlie\u00dflich, als s\u00e4mtliche Massenmedien, voran DER SPIEGEL und die BILD, \u00fcber ihn herzufallen begonnen hatten. Ebenso scheiterte ein Franz Josef Strau\u00df unter der Last der Waffen dieser Medien. Auch begann John F. Kennedy seinen Kredit bei Medien zu verspielen, als er am 27. April 1961 an ihre Verantwortung zu appellieren begonnen hatte. Massenmedien brauchten nur auf den Zeitpunkt zu warten, in dem sie losschlagen konnten. Und das taten sie ganz besonders nach seinem Tod &#8211; mittels brachialer Rufmordkampagnen. Es ist l\u00e4ngst nicht klar, ob sich nicht auch ein Herr Trump diesen Medien am Ende zu f\u00fcgen hat oder anderenfalls wegger\u00e4umt wird. Keine Gefahr besteht dagegen bei labilen Charakteren wie May und Merkel.<\/p>\n<p>So nun weil Massenmedien nach Optik und Wohlgef\u00e4lligkeit gehen, haben Politiker von Format kaum eine Chance. Meine Damen und Herren, Flugkapit\u00e4ne werden nach der Optik ausgesucht, danach, ob sie sch\u00f6n ins oberfl\u00e4chliche Bild eines Marketingkonzeptes passen. Dass dabei dann f\u00fcr die Sicherheit der Passagiere wenig verbleibt, ist klar. Ebenso geht es der Bev\u00f6lkerung eines Landes. Hier befindet sich die westliche Politik insgesamt auf der Couch des Psychiaters und es steht im Raum die Frage: in welchem Grade l\u00e4sst sich eine Politik f\u00fcr verr\u00fcckt erkl\u00e4ren f\u00fcr den Fall, dass sie sich ihre F\u00fchrungsleute von Seiten einer oberfl\u00e4chlich aufgelegten Medienbranche aufdr\u00e4ngen l\u00e4sst?<\/p>\n<p>Die Frage reicht weiter: in wie weit sollten diese Medien zur\u00fcckgedr\u00e4ngt werden, um ein Staatswesen vor dem Niedergang zu bewahren? Die n\u00e4mlichen Medien, die heute Trump schikanieren, hatten zuvor einem Bush, Blair und Obama Sch\u00fctzenhilfe bei verh\u00e4ngnisvollen Antiterroreins\u00e4tzen wie Kriegen und \u00dcberf\u00e4llen gew\u00e4hrt und den Kurs in die Billionen-Verschuldung der USA mitgetragen. US-Medien, welche Atombombeneins\u00e4tze der USA \u00fcber Japan in 1945 nachtr\u00e4glich sanktionierten, hatten weit vorher die tats\u00e4chlichen Gr\u00fcnde f\u00fcr den Kriegseintritt der USA kaschiert. Medien, welche nach 2010 die verh\u00e4ngnisvollen Auswirkungen des globalen Klimawandels zum allgemeinen Tagesgespr\u00e4ch machten, hatten in den Jahrzehnten zuvor die Warnungen vor einem solchen l\u00e4cherlich gemacht.<\/p>\n<p>Das Zeitalter des 20. und 21. Jahrhunderts ist das der Medien. Das wird niemand widerlegen k\u00f6nnen. Dann jedoch trifft voll die Verantwortung f\u00fcr die Entwicklungen in diesen beiden Jahrhunderten diese Branche. Ohne sie w\u00e4re nichts gegangen und nichts erfolgt: kein Erster Weltkrieg, kein Zweiter, w\u00e4ren auch die Vorbereitungen zu einem m\u00f6glichen Dritten Weltkrieg nicht zugange. Es w\u00fcrde keinen Hitler, damit auch nicht die Wut eines Churchills, eines Stalins und eines Roosevelt gegeben haben und es w\u00fcrde nicht zu den gigantischen Schuldenanh\u00e4ufungen gekommen sein.<\/p>\n<p>So nun h\u00f6rt diese Art von Krankheit nicht auf: Mediendiktatur. Ob insgeheim oder inzwischen nicht: Medien dirigieren den Laden im Westen. Noch! Denn nun zeigt dieser Laden ordentliche Risse in seinem Geb\u00e4lk. Ob die Menschen in den Vereinigten Staaten oder ob die in Europa: es setzt ein Stimmungswandel ein. Sicherlich reicht ein solcher im bisherigen Format nicht aus, um den Niedergang des Westen zu beenden.<\/p>\n<p>Der Anfang jedoch ist gemacht:<\/p>\n<p style=\"text-align: center;\"><strong>Lasst Politiker von Format ins Amt! <\/strong><\/p>\n<p style=\"text-align: center;\"><strong>Fordert sie auf, sofern es sie noch hat! <\/strong><\/p>\n<p style=\"text-align: center;\"><strong>Geht auf Sie zu! <\/strong><\/p>\n<p style=\"text-align: center;\"><strong>Denn in der Regel verstecken sie sich und wollen von der Politik nichts wissen.<\/strong><\/p>\n<p>&nbsp;<\/p>\n<p style=\"text-align: left;\">R. Kendel<\/p>\n<p style=\"text-align: center;\">______________<\/p>\n<p style=\"text-align: left;\">Anhang: Bild-Dokumente, DWN 28.1.2017<\/p>\n<p style=\"text-align: center;\"><a href=\"https:\/\/www.fm-tv.net\/wordpress\/?attachment_id=13048\" rel=\"attachment wp-att-13048\"><img loading=\"lazy\" class=\"aligncenter  wp-image-13048\" style=\"border: 2px solid black;\" title=\"Trump_Dtschl nicht abwehrbereit 2017-01-29 um 08.28.30\" src=\"https:\/\/www.fm-tv.net\/wordpress\/wp-content\/uploads\/Trump_Dtschl-nicht-abwehrbereit-2017-01-29-um-08.28.30.png\" alt=\"\" width=\"500\" height=\"600\" \/><\/a><\/p>\n<p style=\"text-align: center;\"><a href=\"https:\/\/www.fm-tv.net\/wordpress\/?attachment_id=13053\" rel=\"attachment wp-att-13053\"><img loading=\"lazy\" class=\"aligncenter  wp-image-13053\" style=\"border: 2px solid black;\" title=\"Trump_Dtschl nicht abwehrbereit  2017-01-29 um 08.33.32\" src=\"https:\/\/www.fm-tv.net\/wordpress\/wp-content\/uploads\/Trump_Dtschl-nicht-abwehrbereit-2017-01-29-um-08.33.32.png\" alt=\"\" width=\"500\" height=\"600\" \/><\/a><\/p>\n<p style=\"text-align: left;\">Zu oben:\u00a0 Der \u00fcbersch\u00e4umende Hang vieler Deutscher zu Investitionen in den Vergn\u00fcgungssektor oder in nachhaltige Lebensraumzerst\u00f6rung zeitigt nun schlimmste Folgen. Diese Moden wurden vorwiegend durch Massenmedien herangezogen. Dazu kommen andere Vorg\u00e4nge und Moden, die sich in der Stunde der allgemeinen Bedr\u00e4ngnis zus\u00e4tzlich verh\u00e4ngnisvoll auswirken.<\/p>\n<p style=\"text-align: center;\"><strong>H\u00f6chste Vorsicht also, wenn Medien f\u00fcr einen Politiker wie Juncker, wie Schulz oder wie Merkel votieren. So hoben sie auch einen Hitler auf ihren Schild. Oder einen Churchill, oder gar einen Engels, einen Stalin. So feierten und hielten sie oben nicht nur eine Merkel, sondern auch Massenm\u00f6rder wie Bush, wie einen Blair; so bef\u00f6rderten sie einen Unrechts-Krieg gegen den Irak, gegen Libyen, gegen Syrien. So trieben sie es gegen Russland. So verk\u00fcrzten sie die Pr\u00e4sidentschaft eines Kennedy. Also Vorsicht bei diesen Medien!\u00a0 So trieben sie es bis zu Weltkriegen und Umweltverw\u00fcstungen ohnegleichen. So verderben Sie Eure Kinder, Eure Seelen, Eure Zukunft; so unterminieren sie Demokratien, sollte es sie je gegeben haben.<\/strong><\/p>\n","protected":false},"excerpt":{"rendered":"<p>Eine Kurzbetrachtung von R. Kendel &nbsp; Liebe Leserinnen und Leser, sofern Sie nicht ganz von Gro\u00dfmedien eingenommen und bestimmt, werden Sie der \u00dcberlegung zustimmen, dass Politiker nach 1945 meist die n\u00e4mlichen Charaktere wie die vor 1945 aufweisen. Das lediglich in anderer \u00e4u\u00dferer Aufmachung. Politiker vor 1945 waren im Grunde ebenso von den in Massenmedien deutlich [&hellip;]<\/p>\n","protected":false},"author":3,"featured_media":0,"comment_status":"closed","ping_status":"closed","sticky":true,"template":"","format":"standard","meta":[],"categories":[1],"tags":[],"_links":{"self":[{"href":"https:\/\/www.fm-tv.net\/wordpress\/index.php?rest_route=\/wp\/v2\/posts\/13013"}],"collection":[{"href":"https:\/\/www.fm-tv.net\/wordpress\/index.php?rest_route=\/wp\/v2\/posts"}],"about":[{"href":"https:\/\/www.fm-tv.net\/wordpress\/index.php?rest_route=\/wp\/v2\/types\/post"}],"author":[{"embeddable":true,"href":"https:\/\/www.fm-tv.net\/wordpress\/index.php?rest_route=\/wp\/v2\/users\/3"}],"replies":[{"embeddable":true,"href":"https:\/\/www.fm-tv.net\/wordpress\/index.php?rest_route=%2Fwp%2Fv2%2Fcomments&post=13013"}],"version-history":[{"count":33,"href":"https:\/\/www.fm-tv.net\/wordpress\/index.php?rest_route=\/wp\/v2\/posts\/13013\/revisions"}],"predecessor-version":[{"id":14432,"href":"https:\/\/www.fm-tv.net\/wordpress\/index.php?rest_route=\/wp\/v2\/posts\/13013\/revisions\/14432"}],"wp:attachment":[{"href":"https:\/\/www.fm-tv.net\/wordpress\/index.php?rest_route=%2Fwp%2Fv2%2Fmedia&parent=13013"}],"wp:term":[{"taxonomy":"category","embeddable":true,"href":"https:\/\/www.fm-tv.net\/wordpress\/index.php?rest_route=%2Fwp%2Fv2%2Fcategories&post=13013"},{"taxonomy":"post_tag","embeddable":true,"href":"https:\/\/www.fm-tv.net\/wordpress\/index.php?rest_route=%2Fwp%2Fv2%2Ftags&post=13013"}],"curies":[{"name":"wp","href":"https:\/\/api.w.org\/{rel}","templated":true}]}}