{"id":13327,"date":"2017-02-20T15:51:18","date_gmt":"2017-02-20T13:51:18","guid":{"rendered":"http:\/\/www.fm-tv.net\/wordpress\/?p=13327"},"modified":"2018-06-10T17:15:27","modified_gmt":"2018-06-10T15:15:27","slug":"plakate-an-fahrzeugen-der-ca-film-john-f-kennedy-warnungen-vor-einer-welt-wie-heute","status":"publish","type":"post","link":"https:\/\/www.fm-tv.net\/wordpress\/?p=13327","title":{"rendered":"Plakate an Fahrzeugen der CA-FILM: John F. Kennedy >Warnungen vor einer Welt wie heute<"},"content":{"rendered":"<div id=\"block-views-aphorismen-block\">\n<div>\n<div>\n<div>\n<div style=\"text-align: center;\"><\/div>\n<div style=\"text-align: left;\">HINWEIS zu diesem Portal fm-tv.net:<\/div>\n<div style=\"text-align: left;\">\n<p style=\"text-align: center;\">Dieses Portal ist neben dem Portal <a href=\"www.ra-kanzlei-koeppl.de\"><span style=\"color: #800080;\">www.ra-kanzlei-koeppl.de<\/span><\/a> ein Auftritt in der \u00d6ffentlichkeit, in diesem einige Beweise vorgelegt werden daf\u00fcr,<\/p>\n<p style=\"text-align: center;\">dass die durch uns in den seit 1971 ge\u00e4u\u00dferten Warnungen vor einer drohenden Umwelt- und Finanzkatastrophe Substanz besa\u00dfen und besitzen.<\/p>\n<p style=\"text-align: center;\">Auch wenn sich gro\u00dfe Bev\u00f6lkerungsteile vor einer substantiierten Bestandsaufnahme und Beweisw\u00fcrdigung dr\u00fccken,<\/p>\n<p style=\"text-align: center;\">macht dies eine demgem\u00e4\u00dfe Beweiserfassung und Beweisw\u00fcrdigung nicht hinf\u00e4llig.<\/p>\n<p style=\"text-align: center;\">In der <span style=\"color: #800080;\"><strong>www.fm-tv.net<\/strong><\/span> hat es zudem zahllose Kommentare zu aktuellen Ereignissen bis in das Jahr 2017 hinein.<\/p>\n<p style=\"text-align: center;\">Ab etwa 04\/2017 wurde diesem ein Ende gesetzt, da sich die Tagesgeschehnisse einander \u00e4hneln und eine weitere Kommentierung sinnlos machen.<\/p>\n<p style=\"text-align: center;\">Die fm-tv.net ist keine Plattform mit Tagesmeldungen. Sie ist rein auf die eigenen Publikationen bezogen.<\/p>\n<p style=\"text-align: center;\">Tagesereignisse wurden nur insoweit herangezogen als sie Bezug haben zu den eigenen ver\u00f6ffentlichten Buch- wie zu anderen eigenen Text- wie Filmwerken.<\/p>\n<p>_____________________________________________________________________________________________________________________________________<\/p>\n<p>Das Gemeinwohl (auch unter Einbezug der allgemeinen Lebensgrundlagen) hat sich nicht gem\u00e4\u00df dem Gruppenegoismus zu bewegen. Es m\u00fcssen unabh\u00e4ngige wissenschaftliche Stellen geschaffen sein, die sagen, wo es entlang gehen sollte. Wenn sich Politiker zum B\u00fcttel der Egomanen in der Industrie machen, dann setzen sie das Gemeinwohl aufs Spiel. Und damit das Volk. Eigentlich jedes Volk: Die Ereignisse in der gesamten Welt zeigen, dass sich die Natur- und Lebensgrundlagen aufzul\u00f6sen beginnen. Die Sch\u00e4den reichen jetzt schon in Gr\u00f6\u00dfenordnungen von Hunderten von Billionen Euro. Die Industrie ist kein Selbstzweck. Gro\u00dfe Gewinne lassen sich auch im Einklang mit den Lebensgrundlagen schaffen. Oder man f\u00e4hrt das Gewinnmaximierungsprinzip als Ordnungs- und Lenkungsmotorik herab, wenn es sich in die Gier-Dimension hinbewegt: die aktuellen Naturereignisse legen das nahe.<\/p>\n<p>&nbsp;<\/p>\n<\/div>\n<div style=\"text-align: left;\">Was sagte da j\u00fcngst der ehemalige Chef des Daimler-Mercedes-Konzerns E. Reuter (DIE SUEDDEUTSCHE ZEITUNG vom 01.09.2017):<\/div>\n<div style=\"text-align: left;\"><\/div>\n<div style=\"text-align: left;\"><a href=\"https:\/\/www.fm-tv.net\/wordpress\/?attachment_id=13838\" rel=\"attachment wp-att-13838\"><img loading=\"lazy\" class=\"aligncenter  wp-image-13838\" style=\"border: 3px solid black;\" title=\"Reuter 2017-09-01 um 19.06.14\" src=\"https:\/\/www.fm-tv.net\/wordpress\/wp-content\/uploads\/Reuter-2017-09-01-um-19.06.14.png\" alt=\"\" width=\"500\" height=\"320\" \/><\/a><\/div>\n<div style=\"text-align: center;\"><\/div>\n<div style=\"text-align: center;\"><em><a href=\"https:\/\/www.fm-tv.net\/wordpress\/?attachment_id=13843\" rel=\"attachment wp-att-13843\"><img loading=\"lazy\" class=\"aligncenter  wp-image-13843\" style=\"border: 3px solid black;\" title=\"Reuter 2017-09-01 um 19.06.14\" src=\"https:\/\/www.fm-tv.net\/wordpress\/wp-content\/uploads\/Reuter-2017-09-01-um-19.06.141.png\" alt=\"\" width=\"500\" height=\"320\" \/><\/a><\/em><\/div>\n<div style=\"text-align: center;\">&#8222;Moralisches Handeln&#8220; als Imperativ, so E. Reuter. Tatsache, die Welt geht kaputt, eben weil demgem\u00e4\u00df so nicht gehandelt wurde.<\/div>\n<div style=\"text-align: center;\">Wer jedoch als Einzelunternehmer so handelte, hatte zumeist keine Chance.<\/div>\n<div style=\"text-align: center;\"><\/div>\n<div style=\"text-align: center;\"><\/div>\n<div style=\"text-align: center;\"><\/div>\n<p><br style=\"text-align: center;\" \/><\/p>\n<div style=\"text-align: center;\">____________________<\/div>\n<div style=\"text-align: center;\"><\/div>\n<div style=\"text-align: center;\"><\/div>\n<div style=\"text-align: center;\"><em>Es ist ungleich besser, beizeiten D\u00e4mme zu bauen, <\/em><\/div>\n<div style=\"text-align: center;\"><em>als darauf zu hoffen, dass die Flut Vernunft annimmt.<\/em><\/div>\n<div style=\"text-align: center;\">(Erich K\u00e4stner)<\/div>\n<\/div>\n<div style=\"text-align: center;\">_______________<\/div>\n<div style=\"text-align: center;\">Ein Flyer zur &#8222;Einstimmung&#8220;:<\/div>\n<\/div>\n<div style=\"text-align: center;\"><\/div>\n<div style=\"text-align: center;\"><a href=\"https:\/\/www.fm-tv.net\/wordpress\/?attachment_id=13834\" rel=\"attachment wp-att-13834\"><img loading=\"lazy\" class=\"aligncenter  wp-image-13834\" style=\"border: 10px solid black;\" title=\"Zusatzerkla?rung Bild 2017-08-20 um 20.55.19\" src=\"https:\/\/www.fm-tv.net\/wordpress\/wp-content\/uploads\/Zusatzerkla?rung-Bild-2017-08-20-um-20.55.19.png\" alt=\"\" width=\"500\" height=\"350\" \/><\/a><\/div>\n<\/div>\n<\/div>\n<p style=\"text-align: center;\">Durch EGOISMUS, GIER und PASSIVIT\u00c4T trudelt die Welt schwer<\/p>\n<p style=\"text-align: center;\">und tief abw\u00e4rts . . .<\/p>\n<p style=\"text-align: center;\">Einer sagts mit einem Satz, woran`s liegt!<\/p>\n<p style=\"text-align: center;\">Der Wurzelsepp aus den Bergen um den Kochelsee:<\/p>\n<p style=\"text-align: center;\"><a href=\"https:\/\/www.fm-tv.net\/wordpress\/?attachment_id=13331\" rel=\"attachment wp-att-13331\"><img loading=\"lazy\" class=\"aligncenter size-full wp-image-13331\" style=\"border: 10px solid black;\" title=\"Wurzelsepp erfolglose Warnung 2017-02-20 um 13.10.21\" src=\"https:\/\/www.fm-tv.net\/wordpress\/wp-content\/uploads\/Wurzelsepp-erfolglose-Warnung-2017-02-20-um-13.10.21.png\" alt=\"\" width=\"221\" height=\"163\" \/><\/a><\/p>\n<p style=\"text-align: center;\">Wegdenken, wegsehen, wegducken &#8211; so bequem . . .<\/p>\n<p style=\"text-align: center;\">Bitte lesen Sie das:<\/p>\n<p>&nbsp;<\/p>\n<p>NEWS aus <a href=\"https:\/\/deref-web-02.de\/mail\/client\/v_uK5ltxjWc\/dereferrer\/?redirectUrl=http%3A%2F%2Fwww.BEST-GOVERNMENT.org\" target=\"_blank\">www.BEST-GOVERNMENT.org<\/a>:<\/p>\n<p>1: Nach Fahrten mit unserem Politikbus durch Bayern und \u00d6sterreich, auch Salzburg zur Festspielzeit, wird noch mehr als bislang best\u00e4tigt, was wir \u00fcber Hunderte von Vortr\u00e4gen, Internetkontakten mit Millionen B\u00fcrgern l\u00e4ngst wissen: Die HEUTIGE Gesellschaft steckt vom Moralischen und Intellektuellen her zu 99,9999 % in einem grandiosen Tief. Sie begreift nichts und will auch nichts begreifen. Das Auto-Gerase und Eiscreme-Schlecken sind wichtiger als die Zukunft der Nachkommenschaften!<\/p>\n<p>Kein Wunder, wenn das weiter sich vollzieht, was nun hier steht:<\/p>\n<p>2: Angela Merkel \u00fcbt auch f\u00fcr die Medienleute jetzt offen aussprechend die OFFENE und nicht nur die VERSTECKTE DIKTATUR:<\/p>\n<p><a href=\"https:\/\/deref-web-02.de\/mail\/client\/AFRayIKsgvI\/dereferrer\/?redirectUrl=https%3A%2F%2Fwww.youtube.com%2Fwatch%3Fv%3Du-4lKbxL6v0\" target=\"_blank\">https:\/\/www.youtube.com\/watch?v=u-4lKbxL6v0<\/a><\/p>\n<p>Wir wissen, dass sie hinter ihrer \u201eOmi-Merkel-Fassade\u201c l\u00e4ngst &#8211; und das im Auftrag gewisser Kreise &#8211; brutal-diktatorische Z\u00fcge tr\u00e4gt. \u00a0Wir haben Sie vor 12 Jahren erwischt, als sie einmal \u00f6ffentlich sagte (n\u00e4mlich in Berlin, auf der Jubil\u00e4umsveranstaltung der CDU, 16. Juni 2005), dass \u201edie Deutschen sicher nicht f\u00fcr alle Zeiten Anspruch auf Demokratie haben werden!\u201c\u00a0 Auf unsere Rundbriefe hin dann auch ins Kanzleramt antwortete einer ihrer \u201eTrittbrettfahrer\u201c, der politisch-schmierige Baden-W\u00fcrttemberger Volker Kauder, dass \u201eihre Worte doch sicher nicht als Weg in die Diktatur ausgelegt werden d\u00fcrfen\u201c. Aber wer nachdenkt, sieht l\u00e4ngst die Prozesse dorthin \u00fcber die Diskussionen zu Internetzensuren ohne jede Gerichtsbarkeit, Bargeldabschaffungstendenzen, Medienzensuren (siehe oben).<\/p>\n<p>3: Merkel wird von der deutschen Staatsanwaltschaft rundum gesch\u00fctzt, obwohl sie Gro\u00dfstraftaten begangen hat durch Hereinlassen von Millionen Fl\u00fcchtlingen unter Aussetzen von Grenzkontrollen. Hunderttausend potentielle und tats\u00e4chliche Straft\u00e4ter tummeln sich heute als Folge in der EU herum. Unter ihnen ein Heer von sp\u00e4ter einsetzbaren Terror-Kandidaten. Selbst perfekteste Strafanzeigen wie die der RA-Kanzlei ME Koeppl bei der Generalbundesanwaltschaft in Karlsruhe prallen gegen die Regeln der Rechtstaatlichkeit ab. Warum das? Weil es gar keine echte, unabh\u00e4ngige Judikative in Deutschland gab und gibt: Die Staatsanwaltschaften sind abh\u00e4ngig von der Exekutive, respektive von den Justizministerien, konkret von Merkel. Unsere Demokratien sind also bis heute sogenannte \u201ePerikles-Demokratien\u201c. Bestehend aus einer d\u00fcnnen Tarnschale Demokratie und einem \u201eundurchdringbaren Zement-Kern der Diktatur\u201c.<\/p>\n<p>Warum aber haben wir den Zustand? Weil 80 % der Deutschen Spie\u00dfer sind, die von den wesentlichen Dingen einfach nichts wissen wollen. Und der Rest zu den Feiglingen geh\u00f6ren.<\/p>\n<p>Gerade auch, wenn Merkel wieder gew\u00e4hlt wird, was zu 100% sicher ist, wird es in Europa, insbesondere in Deutschland vermutbar zu einer zweiten Fl\u00fcchtlingswelle kommen. In dem Falle aber sind Revolutionen garantiert.<\/p>\n<p>4: Horst Seehofer und Julia Kl\u00f6ckner haben wir 2015\/2016 geraten, sich an die Spitze der Unionsparteien (Seehofer als Kanzler-Kandidat) zu setzen. So sehr Seehofer den Ratschlag von uns vom Herbst 2015, h\u00e4rter aufzutreten, zu seiner Rufsteigerung und Beliebtheit befolgt hat, in dem Ma\u00dfe hat er diesen Ratschlag einer Kanzlerkandidatur aus Mangel an Selbstvertrauen nicht angenommen. Oder er wurde von den Logen abgehalten, dies zu tun. Jetzt ist er leider heute bundesweit in der W\u00e4hlergunst sehr schwer abgesunken. Und wird so die gro\u00dfe Lebenschance verspielt haben.<\/p>\n<p>5: Den jungen, ebenso gekauften Christian Lindner (FDP) versuchten wir ebenso zu gewinnen. Lindner schrieb einer unserer Mitstreiterinnen aus der Schweiz, die ihn dann wie viele andere auf Best-Government.org verwies: Aber seitdem kein Echo mehr. Lindner ist selbstredend auch im \u201eClub der nur Scheinbaren Demokraten\u201c.<\/p>\n<p>6: Apokalyptische Umweltkatastrophen:<\/p>\n<p>Die Bergrutsche in der Schweiz, die Hurricans in Fernost und in den USA *, die neuen Formen von St\u00fcrmen in Europa \u2013 fr\u00fcher nur Windhosen, heute bereits F1 bis F2-St\u00fcrme \u2013 sind nur Vorboten derzeit und signalisieren nun mal was? Dass die \u201ebiblische Apokalypse\u201c tats\u00e4chlich einherschreiten k\u00f6nnte.<\/p>\n<p>Und mit ihr die Abrechnung einer Epoche, die wohl zu der verwerflichsten der Weltgeschichte z\u00e4hlen k\u00f6nnte, wenn sie nicht diese ist. \u00a0Alles passt zusammen: Die Politik und die B\u00fcrger, die politischen Repr\u00e4sentanten und ihre W\u00e4hler.<\/p>\n<p>Die heutigen B\u00fcrger bewegen sich bereits unter \u201ealler Me\u00dfbarkeiten\u201c: Ein irrenhaustypisches Gesause herrscht auf den Strassen, eine bodenlose Hektik und Oberfl\u00e4chlichkeit selbst an den Festspielorten zum Hohngel\u00e4chter. Unser Politikbus schwebt erhaben \u00fcber diesen \u201ePulk unbeherrschter Autofahrer\u201c. Ihnen erscheint jede Sekunde wichtig \u00a0\u2013 ohne dass sie die Wichtigkeit einer Weinbergschnecke erreichen!<\/p>\n<p>Immer haben wir geglaubt, dass die grossen Katastrophen verhinderbar doch letztlich dann sind, wenn es den Politikexperten der Welt gel\u00e4nge, klare und gro\u00dfe L\u00f6sungen der Masse zu vermitteln. Wir m\u00fcssen aber heute feststellen: \u00a0Je klarer und wesentlicher Politikexperten auftreten, umso uninteressierter zeigt sich die heutige Gesellschaft. Angeben, Kleinkram, Kreuzfahren, Eiscreme, Hochwasserhosen und dreckige Sandalen mit hornh\u00e4utigen F\u00fc\u00dfen sind Trumpf.<\/p>\n<p><strong>DIE HEUTIGE GESELLSCHAFT IST DEM TODE GEWEIHT. UND SIE HAT VERSPIELT, was ihre Chancen anbelangt, an den ganz grossen L\u00f6sungen mitzuziehen und die Gefahrenherde zu \u201eumschiffen\u201c!<\/strong><\/p>\n<p><strong>Die heutige Gesellschaft wird wohl die gr\u00f6sste Krise der Weltgeschichte erleben.<\/strong><\/p>\n<p>Die Krisen fangen bald richtig an!<\/p>\n<p>Nun:<\/p>\n<p><strong>7: Die AKTUELLE L\u00d6SUNG konkret zur aktuellen Deutschen Bundestagswahl 2017:<\/strong><\/p>\n<p>Siehe ANP-Politiker- u. Staatsb\u00fcrger-Uni:<\/p>\n<p>I: W\u00e4hlen Sie bei der nun anstehenden Bundestagswahl definitiv nur die kleinen und kleinsten Parteien. Vermeiden Sie, solange sich solche Falschspieler in den gr\u00f6\u00dferen und grossen Parteien ansammeln, diese winzigen Parteien. Beachten Sie, dass derzeit kaum ein Politiker politische Kompetenz besitzt.<\/p>\n<p>II: Die richtige Wahl beginnt weit fr\u00fcher als die Wahl zum Bundestag- oder in den USA die Kongre\u00dfwahl:\u00a0 Die richtige Wahl geht in den Familien und Wirtsh\u00e4usern, auf den Strassen los. Wenn die F\u00e4higen schon in den Familien und Freundeskreisen und in den politischen Versammlungen bek\u00e4mpft werden &#8211; wie wir Experten das jeden Tag sehen &#8211; dann wird die Tragik der Gro\u00dfkatastrophe, die Apokalypse mit absoluter Sicherheit kommen!<\/p>\n<p>&nbsp;<\/p>\n<p>Wir haben hiermit gewarnt!<\/p>\n<p>Und wer meint, die Deutschen heute lebten in \u201eSaus und Braus\u201c, der soll mal diese Studie ansehen:<\/p>\n<p><a href=\"https:\/\/deref-web-02.de\/mail\/client\/Wuhfxv8LXeA\/dereferrer\/?redirectUrl=https%3A%2F%2Fwww.welt.de%2Fwirtschaft%2Farticle115143342%2FDeutsche-belegen-beim-Vermoegen-den-letzten-Platz.html\" target=\"_blank\">https:\/\/www.welt.de\/wirtschaft\/article115143342\/Deutsche-belegen-beim-Vermoegen-den-letzten-Platz.html<\/a><\/p>\n<p style=\"text-align: center;\"><em>\u00a0<\/em><\/p>\n<p style=\"padding-left: 120px; text-align: center;\"><em>Internationale Politik\u00a0\u00a0\u00a0 Dr. rer. pol. J.B. Koeppl<\/em><\/p>\n<p style=\"text-align: left;\">Oder lesen Sie in Facebook viele Kommentierungen zu Vorg\u00e4ngen in der Politik unter<\/p>\n<p style=\"text-align: left;\"><a href=\"https:\/\/www.facebook.com\/constantin.canaris.3\/activity\/1540089119384297?comment_id=1540776735982202\">https:\/\/www.facebook.com\/constantin.canaris.3\/activity\/1540089119384297?comment_id=1540776735982202<\/a><\/p>\n<p style=\"text-align: center;\"><a href=\"https:\/\/www.fm-tv.net\/wordpress\/?attachment_id=13328\" rel=\"attachment wp-att-13328\"><img loading=\"lazy\" class=\"aligncenter  wp-image-13328\" style=\"border: 10px solid black;\" title=\"Anha?nger u Cabrio_BILD 2017-02-20 um 14.28.15\" src=\"https:\/\/www.fm-tv.net\/wordpress\/wp-content\/uploads\/Anha?nger-u-Cabrio_BILD-2017-02-20-um-14.28.15.png\" alt=\"\" width=\"500\" height=\"270\" \/><\/a><\/p>\n<p style=\"text-align: left;\">zum Bild oben: John F. Kennedy &#8211; durch Massenmedien schwer verunglimpft (<span style=\"color: #888888;\"><a href=\"http:\/\/www.broeckers.com\/2017\/05\/01\/100-jahre-jfk-2\/\"><span style=\"color: #888888;\"><strong>dazu h i e r in broeckers.com)<\/strong><\/span><\/a><\/span><\/p>\n<p style=\"text-align: left;\">Seit einem halben Jahrzehnt werden die Anh\u00e4nger mit dem Schild<\/p>\n<p style=\"text-align: center;\"><strong>&gt;&gt;JOHN F. KENNEDY<\/strong><\/p>\n<p style=\"text-align: center;\"><strong>Warnungen vor einer Welt wie heute &#8211;<br \/>\n<\/strong><\/p>\n<p style=\"text-align: center;\"><strong>Dieses und anderes in der <\/strong><\/p>\n<p style=\"text-align: center;\"><strong>FM-TV.NET&lt;&lt;<\/strong><\/p>\n<p style=\"text-align: left;\">durch die Gegend gezogen oder sie stehen an Stellen, an diesen viele vorbeifahren. Was hilft`s: die meisten Deutschen interessiert was anderes . . . sie lesen lieber in Zeitungen die L\u00fcgen oder gucken zu liebend gern fern . . . gucken zu, wie die &#8222;Planken des Schiffes&#8220; angebohrt werden . . . . so liegt auch der Untergang(*1) von ihnen selbst nicht in allzu gro\u00dfer Ferne . . .<\/p>\n<p style=\"text-align: left;\">Unter hintenach wollen sie sich alle, die schweigen, im Widerstand befunden haben oder es immer schon gewu\u00dft haben . . .<\/p>\n<p>Mit dieser Autorit\u00e4t, die darin begr\u00fcndet liegt, dass durch Betreiber der FM-TV.NET in den zur\u00fcckliegenden f\u00fcnf und vierzig Jahren (seit 1971 &#8211; mit \u00f6ffentlich gemachten Dokumenten erst ab 1979 ) alles, was heute der Welt schwer anliegt, vorauserkannt und beschrieben worden war, mit diesem gleichen politischen Gewicht wird vor der gegenw\u00e4rtigen Innen- und Au\u00dfenpolitik Deutschlands, der EU, der Vereinigten Staaten von Amerika schwer gewarnt.<\/p>\n<p>In Deutschlands Bev\u00f6lkerung z\u00e4hlen diese Leistungen von echten Politikfachleuten grunds\u00e4tzlich nicht. Das ist Faktum. In jedem Dorf, in jeder Stadt ist politisch das von Gewicht, was aus dem Fernsehkasten an Nachrichten und Kommentaren kommt, was fr\u00fchmorgens in Tageszeitungen zu lesen, was der Dorf-B\u00fcrgermeister, was der Chef in der Firma sagt. Und so kam es im zur\u00fcckliegenden Jahrhundert, dass die Unf\u00e4higsten (wie Kaiser Wilhelm II., wie Adolf Hitler) die politischen Geschicke bestimmten und die deutsche Bev\u00f6lkerung in den Abgrund trieben. Das wiederholt sich &#8211; durch Figuren wie es sie heute auf nationaler und internationaler B\u00fchne zahlreich hat.<\/p>\n<p style=\"text-align: left;\">Unten: J.B. Koeppl (Robert Kendel, Autor) auf einer Million\u00e4rs-Messe in M\u00fcnchen (2008): vergebliche Suche nach Projekt-Unterst\u00fctzern . . . eine von vielen Aktionen: die Reichen wollten sich vergn\u00fcgen und die Mittelschichten h\u00f6rten auf Massenmedien . . .<\/p>\n<p style=\"text-align: center;\"><a href=\"https:\/\/www.fm-tv.net\/wordpress\/?attachment_id=13330\" rel=\"attachment wp-att-13330\"><img loading=\"lazy\" class=\"aligncenter  wp-image-13330\" style=\"border: 2px solid black;\" title=\"J.B. Koeppl erfolglose Warnungen 2017-02-20 um 13.10.00\" src=\"https:\/\/www.fm-tv.net\/wordpress\/wp-content\/uploads\/J.B.-Koeppl-erfolglose-Warnungen-2017-02-20-um-13.10.00.png\" alt=\"\" width=\"500\" height=\"400\" \/><\/a><\/p>\n<p style=\"text-align: left;\">Bild unten:<\/p>\n<p style=\"text-align: left;\">Hier nochmals dieser Wurzelsepp vor den Bergen um den Kochelsee (2002) &#8211; seine Appelle verhallten ungeh\u00f6rt in den Bergen . . . Denn ein schlimmer D\u00e4mon regiert die Welt und jagt sie in ausweglose Abgr\u00fcnde<\/p>\n<p style=\"text-align: center;\"><a href=\"https:\/\/www.fm-tv.net\/wordpress\/?attachment_id=13331\" rel=\"attachment wp-att-13331\"><img loading=\"lazy\" class=\"aligncenter  wp-image-13331\" style=\"border: 10px solid black;\" title=\"Wurzelsepp erfolglose Warnung 2017-02-20 um 13.10.21\" src=\"https:\/\/www.fm-tv.net\/wordpress\/wp-content\/uploads\/Wurzelsepp-erfolglose-Warnung-2017-02-20-um-13.10.21.png\" alt=\"\" width=\"500\" height=\"400\" \/><\/a><\/p>\n<p>&nbsp;<\/p>\n<p>Der Planet geht offensichtlich kaputt. In diesen Tagen und etwas vorher legen Massenmedien die Beweise vor. Vor drei Jahrzehnten bek\u00e4mpften sie unsere Warnungen (DER SPIEGEL am 21.07.2017).<\/p>\n<p style=\"text-align: center;\">\n<p>&nbsp;<\/p>\n<p>Unrechtssysteme h e u t e &#8211; Unrechtssysteme d a m a l s &#8211; Der Widerstand jedesmal schwach besaitet . . . Und die Widerst\u00e4ndler nicht gern gesehen . . . Das Wegsehen so bequem. Selbst die CSU (eine Partei von gewissem Format, vergleicht man sie mit anderen) feiert nur diejenigen, welche den Pl\u00fcndercliquen bequem . . .<\/p>\n<p>J.B. K\u00f6ppl, der Sohn eines Richters im Dritten Reich, dieser Richter sich gegen das Hitlerische Unrechtssystem (seinen Dienstherrn) von 1941 bis 1945 gestellt hatte (dazu weiter unten), packte von 1974 an eine Arbeit gegen ein anderes Unrechtssystem an: ausgerechnet am Geschwister-Scholl-Institut in M\u00fcnchen. Als die Arbeiten abgeschlossen waren (1979\/1980), erhielt er geh\u00f6rig internationale Medienunterst\u00fctzung. Dagegen selbstverstehbar nicht die seitens der westlichen R\u00fcstungswirtschaft. J.B. K\u00f6ppl (international: Koeppl) flog aus seinem Arbeitsverh\u00e4ltnis bei einer R\u00fcstungskontrollfirma hochkantig heraus. Ein M\u00fcnchner Gericht annullierte die K\u00fcndigung. Zahlreiche gro\u00dfe Medien berichteten, unter anderem DER SPIEGEL (Ausgabe 45\/1981).<\/p>\n<p>Bild (DER SPIEGEL (Ausgabe 45\/1981):<\/p>\n<p style=\"text-align: center;\"><a href=\"https:\/\/www.fm-tv.net\/wordpress\/?attachment_id=13388\" rel=\"attachment wp-att-13388\"><img loading=\"lazy\" class=\"aligncenter  wp-image-13388\" style=\"border: 2px solid black;\" title=\"SPIEGEL Nr 45 _1981 Kritiker Ko?ppl  2017-02-23 um 19.27.40\" src=\"https:\/\/www.fm-tv.net\/wordpress\/wp-content\/uploads\/SPIEGEL-Nr-45-_1981-Kritiker-Ko?ppl-2017-02-23-um-19.27.40.png\" alt=\"\" width=\"500\" height=\"400\" \/><\/a><\/p>\n<p style=\"text-align: center;\"><a href=\"https:\/\/www.fm-tv.net\/wordpress\/?attachment_id=13389\" rel=\"attachment wp-att-13389\"><img loading=\"lazy\" class=\"aligncenter  wp-image-13389\" style=\"border: 2px solid black;\" title=\"SPIEGEL Nr 45 _1981 Kritiker Ko?ppl  2017-02-23 um 19.28.05\" src=\"https:\/\/www.fm-tv.net\/wordpress\/wp-content\/uploads\/SPIEGEL-Nr-45-_1981-Kritiker-Ko?ppl-2017-02-23-um-19.28.05.png\" alt=\"\" width=\"500\" height=\"450\" \/><\/a><\/p>\n<p>Unten: Der gesamte zeitliche und finanzielle Aufwand der Koeppls seit 1974: er half nicht ab. Kurzfristige Auftritte im Fernsehen 1980\/1997, Zehntausende an eigenen Diskussionsbeitr\u00e4gen in Foren von Tageszeitungen seit dem Jahr 2000, \u00f6ffentliche Auftritte . . . Die Gesellschaft muss auf Grund von m\u00e4chtigen Einfl\u00fcssen auf anderer Ebene im Verlauf der sechs Jahrzehnte verr\u00fcckt gemacht, eben zu einer Wegseh-Gesellschaft geformt worden sein . . . Dass dabei Millionen von Kinder im eigenen Land in tiefes Elend geraten, k\u00fcmmert die meisten relativ wenig.<\/p>\n<p>Millionen DM\/Euro &#8211; Aufwendungen durch die Koeppl-Br\u00fcder zwecks Einleitung einer Initiative mit Ziel &#8222;Verhinderung der Welt-Katastrophe&#8220; &#8211; das seit 1974 . . . Hier ein Blick auf den gr\u00f6\u00dferen Filmbus in der Berduxstrasse sowie ein winziger Ausschnitt aus der Technik &#8211; es hatte da gerade einer der vielen Eingriffe seitens Unbekannt auf das Studio stattgefunden, daher alles herumgelegen hat . . .<\/p>\n<p style=\"text-align: center;\"><a href=\"https:\/\/www.fm-tv.net\/wordpress\/?attachment_id=13334\" rel=\"attachment wp-att-13334\"><img loading=\"lazy\" class=\"aligncenter  wp-image-13334\" style=\"border: 2px solid black;\" title=\"Filmbus vor Berdux  2017-02-20 um 14.43.44\" src=\"https:\/\/www.fm-tv.net\/wordpress\/wp-content\/uploads\/Filmbus-vor-Berdux-2017-02-20-um-14.43.44.png\" alt=\"\" width=\"700\" height=\"900\" \/><\/a><\/p>\n<p>Mittels einigen Instrumente entstand in 1990 ein Entwurf des a-moll-Klavierkonzertes. Mit diesem Entwurf wurde an den <a href=\"https:\/\/de.wikipedia.org\/wiki\/Internationale_Gesellschaft_f%C3%BCr_Neue_Musik\"><strong>Weltmusiktagen (1991)<\/strong> <\/a>teilgenommen.<\/p>\n<p style=\"text-align: left;\">Die Wahrheit soll nicht zu erkennen sein . . .<\/p>\n<p style=\"text-align: left;\">Hier unten: Der Roman, der zwischen 1981 und 1986 verfasst. Interesse zeigte Roland Emmerich 1985 bei der Bavaria Film. Jedoch lediglich zwecks Ideen-Vorlage f\u00fcr seinen sp\u00e4teren Film &#8222;Independence Day&#8220; . . . (dazu die Koeppls im TV-Sender VOX, 1997)<\/p>\n<p style=\"text-align: center;\"><a href=\"https:\/\/www.fm-tv.net\/wordpress\/?attachment_id=13339\" rel=\"attachment wp-att-13339\"><img loading=\"lazy\" class=\"aligncenter  wp-image-13339\" style=\"border: 2px solid black;\" title=\"Buch ANTARIS\" src=\"https:\/\/www.fm-tv.net\/wordpress\/wp-content\/uploads\/Buch-ANTARIS-.jpg\" alt=\"\" width=\"700\" height=\"600\" \/><\/a><\/p>\n<p style=\"text-align: left;\">Hier ein weiteres Werk, dieses zwischen 1986 und 1994 verfasst: kaum jemand interessierte das &#8211; schon damals nicht. Obgleich auch hierin alles Wichtige ziemlich vorausbeschrieben (wie den geplanten und tats\u00e4chlichen Bev\u00f6lkerungsaustausch) . . . Jedoch &#8211; die Mehrheit interessiert das nicht. Und das ist dann schon das n\u00e4mliche Wegguckverhalten wie im NS-Reich. Oder etwa nicht?<\/p>\n<p style=\"text-align: center;\"><a href=\"https:\/\/www.fm-tv.net\/wordpress\/?attachment_id=13340\" rel=\"attachment wp-att-13340\"><img loading=\"lazy\" class=\"aligncenter  wp-image-13340\" style=\"border: 8px solid black;\" title=\"Buch DWGM von 1994\" src=\"https:\/\/www.fm-tv.net\/wordpress\/wp-content\/uploads\/Buch-DWGM-von-1994-.jpg\" alt=\"\" width=\"700\" height=\"600\" \/><\/a><\/p>\n<p style=\"text-align: center;\"><a href=\"https:\/\/www.fm-tv.net\/wordpress\/?attachment_id=13341\" rel=\"attachment wp-att-13341\"><img loading=\"lazy\" class=\"aligncenter  wp-image-13341\" style=\"border: 8px solid black;\" title=\"Buch DWGM von 1994 Titel\" src=\"https:\/\/www.fm-tv.net\/wordpress\/wp-content\/uploads\/Buch-DWGM-von-1994-Titel.jpg\" alt=\"\" width=\"700\" height=\"600\" \/><\/a><\/p>\n<p style=\"text-align: center;\"><a href=\"https:\/\/www.fm-tv.net\/wordpress\/?page_id=346\"><strong>Weiteres dazu auch hier in der fm-tv.net unter <\/strong><\/a><\/p>\n<p style=\"text-align: center;\"><a href=\"https:\/\/www.fm-tv.net\/wordpress\/?attachment_id=13384\" rel=\"attachment wp-att-13384\"><img loading=\"lazy\" class=\"aligncenter  wp-image-13384\" style=\"border: 2px solid black;\" title=\"DWGM  2017-02-21 um 22.42.51\" src=\"https:\/\/www.fm-tv.net\/wordpress\/wp-content\/uploads\/DWGM-2017-02-21-um-22.42.51.png\" alt=\"\" width=\"700\" height=\"750\" \/><\/a><\/p>\n<p style=\"text-align: center;\"><a href=\"https:\/\/www.fm-tv.net\/wordpress\/?attachment_id=13342\" rel=\"attachment wp-att-13342\"><img loading=\"lazy\" class=\"aligncenter  wp-image-13342\" style=\"border: 7px solid black;\" title=\"Buch DWGM von 1994 Textausschnitt\" src=\"https:\/\/www.fm-tv.net\/wordpress\/wp-content\/uploads\/Buch-DWGM-von-1994-Textausschnitt.jpg\" alt=\"\" width=\"700\" height=\"600\" \/><\/a><\/p>\n<p style=\"text-align: left;\">Hier unten: der Buchautor Kendel (J.B.Koeppl, 67) im Gespr\u00e4ch im Jahre 2013 mit dem Clinton-Freund R\u00fcdiger Loewe (67). Er berichtete von einem \u00e4u\u00dferst wichtigen Vorgang im politischen Washington. Der nun seit 36 Jahren oder l\u00e4nger anhaltende Widerstand der Koeppl-Br\u00fcder gegen\u00fcber Unrechtssystemen, sprich Gro\u00dfkorruptionen, hat seine Spuren hinterlassen. Vor allem die Untert\u00e4tigkeit gro\u00dfer Teile der deutschen Bev\u00f6lkerung &#8211; egal ob in den deutschen St\u00e4dten oder auf dem Land.<\/p>\n<p style=\"text-align: center;\"><a href=\"https:\/\/www.fm-tv.net\/wordpress\/?attachment_id=13472\" rel=\"attachment wp-att-13472\"><img loading=\"lazy\" class=\"aligncenter  wp-image-13472\" style=\"border: 4px solid black;\" title=\"J.B. Koeppl u. R. Loewe  2017-03-20 um 12.32.29\" src=\"https:\/\/www.fm-tv.net\/wordpress\/wp-content\/uploads\/J.B.-Koeppl-u.-R.-Loewe-2017-03-20-um-12.32.29.png\" alt=\"\" width=\"500\" height=\"550\" \/><\/a><\/p>\n<p style=\"text-align: center;\">Bild: R\u00fcdiger L\u00f6we in einem inhaltlich dramatischen Interview mit Bob Koeppl (links) in 2011<\/p>\n<p style=\"text-align: left;\">Unten: Erst wenn die Gefahr vor\u00fcber, geht man zur Dokumentation \u00fcber und\u00a0 ergie\u00dft sich im Widerstandseifer. Die heutige Zeit wird nicht als eine von einem Regimeeifer erfasste Zeit begriffen. Der 36 Jahre w\u00e4hrende Widerstand der Gebr\u00fcder Koeppls wird als solcher nicht erkannt oder willentlich nicht gesehen. Hierzu z\u00e4hlen auch j\u00fcdische Kreise. Und das schmerzt oder verwundert ganz besonders.<\/p>\n<p style=\"text-align: center;\"><a href=\"https:\/\/www.fm-tv.net\/wordpress\/?attachment_id=13344\" rel=\"attachment wp-att-13344\"><img loading=\"lazy\" class=\"aligncenter  wp-image-13344\" style=\"border: 7px solid black;\" title=\"Widerstand anerkannt erst nach d Gewaltregime\" src=\"https:\/\/www.fm-tv.net\/wordpress\/wp-content\/uploads\/Widerstand-anerkannt-erst-nach-d-Gewaltregime.jpg\" alt=\"\" width=\"700\" height=\"600\" \/><\/a><\/p>\n<p style=\"text-align: left;\">Unten: Ein Widerstandsk\u00e4mpfer aus dem Dritten Reich (von 1941 bis 1945) wird gezielt verschwiegen. Es ist der Vater der beiden Br\u00fcder Koeppl (bzw. K\u00f6ppl, alias Kendel, Antaris, Canaris).<\/p>\n<p style=\"text-align: center;\"><a href=\"https:\/\/www.fm-tv.net\/wordpress\/?attachment_id=13345\" rel=\"attachment wp-att-13345\"><img loading=\"lazy\" class=\"aligncenter  wp-image-13345\" style=\"border: 9px solid black;\" title=\"Widerstandska?mpfer_Grab\" src=\"https:\/\/www.fm-tv.net\/wordpress\/wp-content\/uploads\/Widerstandska?mpfer_Grab-.jpg\" alt=\"\" width=\"700\" height=\"600\" \/><\/a><\/p>\n<p>Er zeigte sich als Amtsgerichtsrat (zeitweise als Staatsanwalt) in Passau verantwortlich f\u00fcr das Schicksal seiner Mitmenschen. Man versuchte ihn hinzurichten. Der amtierende Bischof von Passau hielt die sch\u00fctzende Hand \u00fcber ihn . . . Auch das verschweigen die Massenmedien von heute. J\u00fcdische Kreise zeigen kein Interesse . . .<\/p>\n<p>Unten: Richter Dr. Josef K\u00f6ppl zusammen mit seinen j\u00fcngsten S\u00f6hnen im Jahre 1958 anl\u00e4\u00dflich der Audienz bei Seiner Exzellenz, Bischof Simon Konrad von Passau, Residenz (Residenzplatz)<\/p>\n<p style=\"text-align: center;\"><a href=\"https:\/\/www.fm-tv.net\/wordpress\/?attachment_id=13394\" rel=\"attachment wp-att-13394\"><img loading=\"lazy\" class=\"aligncenter  wp-image-13394\" style=\"border: 5px solid black;\" title=\"Bischof Simon Konrad Hintergrund Dr. J. Ko?ppl 2017-02-24 um 07.12.33\" src=\"https:\/\/www.fm-tv.net\/wordpress\/wp-content\/uploads\/Bischof-Simon-Konrad-Hintergrund-Dr.-J.-Ko?ppl-2017-02-24-um-07.12.33.png\" alt=\"\" width=\"700\" height=\"800\" \/><\/a><\/p>\n<p>Bild unten &#8211; eine Aufnahme von 1949): Dr. Josef K\u00f6ppl (links au\u00dfen, sitzend), Stadtrat von Passau\u00a0 &#8211; in der Mitte (sitzend) der Oberb\u00fcrgermeister Dr. Stephan Billinger (von 1948 bis 1964)\u00a0 &#8211; beide hatten von 1941 Herbst bis Mai 1945 im Widerstand gegen\u00fcber dem NS-System gestanden<\/p>\n<p style=\"text-align: center;\"><a href=\"https:\/\/www.fm-tv.net\/wordpress\/?attachment_id=13397\" rel=\"attachment wp-att-13397\"><img loading=\"lazy\" class=\"aligncenter  wp-image-13397\" style=\"border: 5px solid black;\" title=\"Dr. J. Ko?ppl links unten sitzend - Mitte Dr. Billinger  2017-02-24 um 07.10.52\" src=\"https:\/\/www.fm-tv.net\/wordpress\/wp-content\/uploads\/Dr.-J.-Ko?ppl-links-unten-sitzend-Mitte-Dr.-Billinger-2017-02-24-um-07.10.52.png\" alt=\"\" width=\"700\" height=\"400\" \/><\/a><\/p>\n<p>Bild unten: die PNP l\u00e4\u00dft immerhin etwas durchsickern . . .(*2)<\/p>\n<p style=\"text-align: center;\"><a href=\"https:\/\/www.fm-tv.net\/wordpress\/?attachment_id=13358\" rel=\"attachment wp-att-13358\"><img loading=\"lazy\" class=\"aligncenter  wp-image-13358\" style=\"border: 4px solid black;\" title=\"Widerstand Dr Josef Ko?ppl_Regiowiki PNP  2017-02-11 um 12.38.42 2\" src=\"https:\/\/www.fm-tv.net\/wordpress\/wp-content\/uploads\/Widerstand-Dr-Josef-Ko?ppl_Regiowiki-PNP-2017-02-11-um-12.38.42-2.png\" alt=\"\" width=\"700\" height=\"400\" \/><\/a><\/p>\n<p>Im Herbst 1945 zog der Richter mit der gesamten Familie (f\u00fcnf Kinder) von der Bischof-Altmann-Strasse in ein herrschaftliches Haus am Residenzplatz Nummer 9 (Bild unten). Damit wurde er unmittelbarer Nachbar des Bischofs (der in der &#8222;Neue Bisch\u00f6fliche Residenz&#8220; residierte), dieser ihn vor der Hinrichtung im Dritten Reich bewahrt hatte.<\/p>\n<p>Bild unten: Residenzplatz in Passau, 1949 &#8211; im Bild rechts das neue Heim des Widerst\u00e4ndlers im Herbst 1945<\/p>\n<p style=\"text-align: center;\"><a href=\"https:\/\/www.fm-tv.net\/wordpress\/?attachment_id=6865\" rel=\"attachment wp-att-6865\"><img loading=\"lazy\" class=\"aligncenter  wp-image-6865\" style=\"border: 3px solid black;\" title=\"1949_Residenzplatz Passau 1949\" src=\"https:\/\/www.fm-tv.net\/wordpress\/wp-content\/uploads\/1949_Residenzplatz-Passau-1949.jpg\" alt=\"\" width=\"700\" height=\"500\" \/><\/a><\/p>\n<p>In der Alten Bisch\u00f6flichen Residenz (zwischen dem m\u00e4chtigen Dom und der Neuen Bisch\u00f6flichen Residenz) dann kurze Zeit nach der Kapitulation des Dritten Reiches seine neue Wirkungsst\u00e4tte am Landgericht &#8211; als Landgerichtsrat. Von seiner Widerstandszeit im Dritten Reich machten er wie der sp\u00e4tere Oberb\u00fcrgermeister der Stadt Passau, Dr. Billinger, aus nachvollziehbaren Gr\u00fcnden wenig Aufhebens.<\/p>\n<p>Bild unten: im Hintergrund der neue Wohnort, Residenzplatz Nr. 9 &#8211; vorne ein Interview mit den beiden j\u00fcngsten S\u00f6hnen dieses Richters im Jahr 1997. Die Ausstrahlung des Dokumentarfilms (Arbeitstitel: Warnungen vor einem Niedergang Europas, des gesamten Westens) verweigerten deutsche Massenmedien<\/p>\n<p style=\"text-align: center;\"><a href=\"https:\/\/www.fm-tv.net\/wordpress\/?attachment_id=6701\" rel=\"attachment wp-att-6701\"><img loading=\"lazy\" class=\"aligncenter  wp-image-6701\" style=\"border: 5px solid black;\" title=\"Residenzplatz\" src=\"https:\/\/www.fm-tv.net\/wordpress\/wp-content\/uploads\/Residenzplatz.png\" alt=\"\" width=\"700\" height=\"500\" \/><\/a><\/p>\n<p>Die Warnungen erfolgten in jedem Fall vergebens. Ob damals oder ob heute, die Menschen sind Abh\u00e4ngige des Momentanen. Sie interessieren sich daf\u00fcr, wie sie sich \u00fcber Wasser halten k\u00f6nnen. Einige \u00fcbersteigen das und lassen sich von uns\u00e4glicher Gier steuern. Dass sie dabei ihr eigenes Schiff zerst\u00f6ren, nehmen sie billigend inkauf. Sie lassen sich hiervon nicht abhalten.<\/p>\n<p>So nun &#8211; die Lage:<\/p>\n<p>Deutschland m\u00fcsse eben aufgegeben werden. Ist dem tats\u00e4chlich so? Ja wahrscheinlich &#8211; die Menschen interessieren sich nicht f\u00fcr gro\u00dfe Dinge . . .\u00a0 sofern sie nicht von Massenmedien vorgegeben werden. Und Massenmedien zeichnen sich nicht durch einen Widerstandsgeist aus, wenn er ihnen ungelegen kommt . . . Und das ist in den meisten F\u00e4llen so. Und hieran geht diese Welt zugrunde.<\/p>\n<p>So wenig effektive Unterst\u00fctzung Widerstandsgruppen damals in den 1930ern bis Mitte der 1940er fanden, so wenig findet man diese Unterst\u00fctzung heute. Heute w\u00e4re Unterst\u00fctzung notwendig gegen Massenm\u00f6rder der Moderne, welche etwa \u00fcber Spezialflugzeuge Schadstoffe gro\u00dffl\u00e4chig ausbringen lassen (sog. &#8222;Chems&#8220;), welche Europas V\u00f6lker verelenden lassen, welche \u00fcber Europa hinaus katastrophales Elend bewirken, welche die V\u00f6lker der Welt \u00fcber Massenmedien hinters Licht f\u00fchren, was zu ihrer Ausbeutung und am Ende zu ihrer Vernichtung f\u00fchrt.<\/p>\n<p>Mitt\u00e4ter ist somit jeglicher, wer keinen Widerstand hiergegen leistet. Mitt\u00e4ter sind ganz sicher die, welche Widerst\u00e4ndler in ihren Aktivit\u00e4ten blockieren. Und das geschieht gegen\u00fcber den Koeppls seit Anfang 1980.<\/p>\n<p style=\"text-align: center;\">___________________<\/p>\n<p style=\"text-align: left;\">(*1) Untergang zu verstehen hier als ethnisch, kulturell, finanziell-wirtschaftlich, sozial<\/p>\n<p style=\"text-align: left;\">(*2) F\u00fcr die teils schlechte Bild-Qualit\u00e4t wird um Nachsicht gebeten gem\u00e4\u00df dem Motto: <em>&#8222;Auf untergehenden Schiffen sollte man Schiffsplanken <em>nicht <\/em>versch\u00f6nern wollen!&#8220;<\/em><\/p>\n","protected":false},"excerpt":{"rendered":"<p>HINWEIS zu diesem Portal fm-tv.net: Dieses Portal ist neben dem Portal www.ra-kanzlei-koeppl.de ein Auftritt in der \u00d6ffentlichkeit, in diesem einige Beweise vorgelegt werden daf\u00fcr, dass die durch uns in den seit 1971 ge\u00e4u\u00dferten Warnungen vor einer drohenden Umwelt- und Finanzkatastrophe Substanz besa\u00dfen und besitzen. Auch wenn sich gro\u00dfe Bev\u00f6lkerungsteile vor einer substantiierten Bestandsaufnahme und Beweisw\u00fcrdigung [&hellip;]<\/p>\n","protected":false},"author":3,"featured_media":0,"comment_status":"closed","ping_status":"closed","sticky":true,"template":"","format":"standard","meta":[],"categories":[15,166,36,37,128,38,44,172],"tags":[],"_links":{"self":[{"href":"https:\/\/www.fm-tv.net\/wordpress\/index.php?rest_route=\/wp\/v2\/posts\/13327"}],"collection":[{"href":"https:\/\/www.fm-tv.net\/wordpress\/index.php?rest_route=\/wp\/v2\/posts"}],"about":[{"href":"https:\/\/www.fm-tv.net\/wordpress\/index.php?rest_route=\/wp\/v2\/types\/post"}],"author":[{"embeddable":true,"href":"https:\/\/www.fm-tv.net\/wordpress\/index.php?rest_route=\/wp\/v2\/users\/3"}],"replies":[{"embeddable":true,"href":"https:\/\/www.fm-tv.net\/wordpress\/index.php?rest_route=%2Fwp%2Fv2%2Fcomments&post=13327"}],"version-history":[{"count":114,"href":"https:\/\/www.fm-tv.net\/wordpress\/index.php?rest_route=\/wp\/v2\/posts\/13327\/revisions"}],"predecessor-version":[{"id":13338,"href":"https:\/\/www.fm-tv.net\/wordpress\/index.php?rest_route=\/wp\/v2\/posts\/13327\/revisions\/13338"}],"wp:attachment":[{"href":"https:\/\/www.fm-tv.net\/wordpress\/index.php?rest_route=%2Fwp%2Fv2%2Fmedia&parent=13327"}],"wp:term":[{"taxonomy":"category","embeddable":true,"href":"https:\/\/www.fm-tv.net\/wordpress\/index.php?rest_route=%2Fwp%2Fv2%2Fcategories&post=13327"},{"taxonomy":"post_tag","embeddable":true,"href":"https:\/\/www.fm-tv.net\/wordpress\/index.php?rest_route=%2Fwp%2Fv2%2Ftags&post=13327"}],"curies":[{"name":"wp","href":"https:\/\/api.w.org\/{rel}","templated":true}]}}