{"id":4315,"date":"2015-07-23T11:49:09","date_gmt":"2015-07-23T09:49:09","guid":{"rendered":"http:\/\/www.fm-tv.net\/wordpress\/?p=4315"},"modified":"2015-09-06T13:08:09","modified_gmt":"2015-09-06T11:08:09","slug":"c-f-v-weizsacker-erklart-unsere-welt-1986","status":"publish","type":"post","link":"https:\/\/www.fm-tv.net\/wordpress\/?p=4315","title":{"rendered":"nun ein &#8222;alter&#8220; Artikel vom 27.9.2010 . . .     C.F.v. Weizs\u00e4cker erkl\u00e4rt unsere Welt (1986)"},"content":{"rendered":"<h3 style=\"text-align: center;\">Und damit den Ausweg, die Rettung dieser Welt<\/h3>\n<h3 style=\"text-align: center;\">Wenn Massenmedien solche Auswege unterdr\u00fccken<\/h3>\n<div id=\"_mcePaste\" style=\"text-align: center;\">ca-canaris \u00a027. Sept. 2010<\/div>\n<div style=\"text-align: center;\">______________<\/div>\n<div id=\"_mcePaste\">. . . und der <a href=\"http:\/\/constantin-v-antaris.de\/Filmstoff_Antaris_S_1.html\"><strong>Kinofilmstoff ANTARIS<\/strong><\/a> ist von diesem Schlage, wie hier mit C.F. v. Weizs\u00e4cker gezeichnet . . .<\/div>\n<div><\/div>\n<div>Angesichts des allgemeinen wirtschaftlichen, finanziellen und vor allem rechtlichen Notstandes dieses Landes mitten im vermeintlich hochkulturellen freien Europa (FN1) ,<\/div>\n<div id=\"_mcePaste\">angesichts des allgemeinen Verfalls kultureller Werte und zivilisatorischer Errungenschaften<\/div>\n<div id=\"_mcePaste\">m\u00fcsste sich eigentlich in der Mehrheit der Bev\u00f6lkerung ein tiefes oder besser gesagt hohes Verlangen nach einem Ausweg f\u00fcr sich und f\u00fcr die Gemeinschaft bemerkbar machen (&#8222;m\u00fcsste&#8220; &#8211; denn es kann nicht sein und nichts werden: der breitangelegte Niedergang beinhaltet, dass dahinter die Massenmedien und die durch sie dekadent gewordenen Menschenmassen stehen).<\/div>\n<div id=\"_mcePaste\">Daher liefert das W\u00f6rtchen &#8222;m\u00fcsste&#8220; nur eine Illusion.<\/div>\n<div id=\"_mcePaste\">L\u00e4uft die Suche nach einem kollektiv-individuellen Ausweg leise, verstohlen, versch\u00e4mt ab?<\/div>\n<div id=\"_mcePaste\">Ist abseits des W\u00fctens krimineller Kreise, welche die Geisteskrise dieses Europas mit verursachten, eine Gegenbewegung zugange?<\/div>\n<div id=\"_mcePaste\">Von welcher die meisten nichts mitbekommen, da sie keine Ver\u00f6ffentlichung in Massenmedien findet?<\/div>\n<div id=\"_mcePaste\"><\/div>\n<div id=\"_mcePaste\">Es l\u00e4sst sich das nur vermuten, da es einem verwehrt ist, Zugang zu den Herzen von Millionen Menschen zu nehmen, um sie befragen zu k\u00f6nnen. Was geht in ihnen vor, mit welchen W\u00fcnschen sinken sie in den Schlaf, mit welchen wachen sie auf? Das l\u00e4sst sich sicherlich auf diesen Nenner bringen: pers\u00f6nliches Gl\u00fcck, manche pers\u00f6nliche Macht, vielleicht ganz wenige das Gl\u00fcck f\u00fcr die Welt.<\/div>\n<div id=\"_mcePaste\">Ersteres, das Ich-Streben f\u00fchrt in eine Falle.<\/div>\n<div id=\"_mcePaste\"><\/div>\n<div>Dieses Leben f\u00fchrt denn tats\u00e4chlich dorthin: der \u00e4usserlich sch\u00f6ne Schein tr\u00fcgt. Die Begierden des Alltags treiben den Menschen nach immer mehr, nach immer gr\u00f6\u00dfer und schneller, nach immer gr\u00f6\u00dferem pers\u00f6nlichem Wohlgef\u00fchl, Anerkennung und das teils getrieben von der Ichbezogenheit, von Gier nach pers\u00f6nlicher Geltung, nach unverdienter Macht.<\/div>\n<div id=\"_mcePaste\"><\/div>\n<div>Gegen eine sich dadurch heraussch\u00e4lende selbstzerst\u00f6rerische Welt hatte der gro\u00dfe Philosoph <a href=\"https:\/\/de.wikipedia.org\/wiki\/Carl_Friedrich_von_Weizs%C3%A4cker\"><strong>Carl-Friedrich von Weizs\u00e4cker<\/strong><\/a> (leider zu fr\u00fch verstorben) ein Konzept gefunden. Dieses trug er 1986 im Gasteig in M\u00fcnchen vor einem gebildeten und nach Weisheit verlangenden Publikum w\u00fcrdevoll vor.<\/div>\n<div id=\"_mcePaste\">Es werden hier Ausschnitte aus seinem Vortrag geboten (\u00dcbertragung durch den Bayerischen Rundfunk). Es wird aus seiner Rede zitierend vorgetragen.<\/div>\n<div id=\"_mcePaste\">Die Rede wurde \u00fcber Lautsprecher nach aussen getragen. Der Saal selbst war zum Bersten voll. In den G\u00e4ngen dr\u00e4ngten sich die vielen anderen sehr Interessierten. Deutschland besa\u00df damals noch starke Bildungsschichten.<\/div>\n<div id=\"_mcePaste\">Im Zeitalter von SAT1, RTL, ProSieben, teils auch ZdF- u. ARD-Gequassle und allgemeinen Gejodle und Gesause geht der Weg heraus aus dieser Falle dieser Gesellschaft von heute glatt an der Nase vorbei. Es ist eine Gesellschaft, die sich kraft des Einflusses dieser Massenmedien den Ausweg selbst verbaut. Diese Massenmedien schaffen ein Heer von Mitl\u00e4ufern, welches 70 Jahre nach Kriegsende schon wieder Massen- bzw. V\u00f6lkerverbrechen m\u00f6glich macht.<\/div>\n<div><\/div>\n<div id=\"_mcePaste\">Was ist der Ausweg, wo liegt er?<\/div>\n<div id=\"_mcePaste\">Sicherlich nicht in einem immer mehr, wenn das beispielsweise auf Kosten der Mit- oder Umwelt geht!<\/div>\n<div id=\"_mcePaste\">Der Ausweg liegt in der Ab\u00e4nderung der Denkrichtung, der Orientierung, vor allem der Gef\u00fchlsrichtung, f\u00fchrt das zu einer deutlich verbesserten Handlungsweise.<\/div>\n<div id=\"_mcePaste\"><\/div>\n<div>Der Weg von da heraus geht \u00fcber eine erste Erkenntnis: die Welt will nicht gespalten, nicht betrogen werden. Denn sie will als Einheit erkannt und gef\u00fchlt und so auch gelebt sein.<\/div>\n<div id=\"_mcePaste\">C.F. v. Weizs\u00e4cker st\u00fctzte sich in seinen Weisheiten u.a. auf Denker, sprich Hochenergie-Physiker wie Werner Heisenberg und Max Planck, Niels Bohr, Albert Einstein, die alle zugleich auch irgendwie Philosophen, Nach-Denker \u00fcber die Welt waren.<\/div>\n<div id=\"_mcePaste\"><\/div>\n<div>Man lausche einigen seiner S\u00e4tze bei ebenso w\u00fcrdevollen Ohren wie die derer von damals in 1986.<\/div>\n<div id=\"_mcePaste\">Ausschnitte aus seiner gro\u00dfen Rede &gt;<strong>Raum, Zeit, Bewusstsein<\/strong>&lt; \u00a0(C.F.v. Weizs\u00e4cker, Gasteig in M\u00fcnchen, Sonntag 16. M\u00e4rz 1986)<\/div>\n<div><\/div>\n<div><span style=\"text-decoration: underline;\">Dieses noch vorab <\/span><\/div>\n<div>Quintessenz des Ganzen &#8211; in anderen Worten ausgedr\u00fcckt: Es ist an der Zeit, gesamtheitlich (d.h. unbegrenzt, zumindest weniger begrenzt) und nicht in Teilen &#8211; damit \u00a0n i c h t \u00a0&#8222;teilweise&#8220; (partiell), geteilt, ichbezogen bzw. egomanisch, machtbezogen (wie das beispielsweise die vorherrschende Politik und Wirtschaft wie ihre Wissenschaft und die dazu gezwungene Gewalt der Justitia tut) &#8211; zu denken und zu handeln . . .\u00a0 man verweise auf das Dritte Reich <span style=\"text-decoration: underline;\">und<\/span> auf Geschehnisse, Vorg\u00e4nge n a c h 1945! Man ordne die im Westen damals wie heute vorherrschende Lebenseinstellung als Folge einer Weltbild-Manipulation ein (dadurch die Mehrheit sozusagen nur in Teilen denkend und auch so handelnd), wobei der durch diesen Westen praktizierte Kapitalismus, Materialismus ein Bestandteil dieser au\u00dferordentlich fatalen inneren Begrenzung ist.<\/div>\n<div><\/div>\n<div style=\"color: #ff0000;\"><span style=\"color: #008000;\"><strong>Der gr\u00f6\u00dfte Raubzug der Weltgeschichte w\u00fcrde sich mit der Weltphilosophie Weizs\u00e4ckers aus der Welt schaffen.<\/strong><\/span><\/div>\n<div><\/div>\n<div><span style=\"text-decoration: underline;\">Man lausche nun den Worten dieses gro\u00dfen Denkers:<\/span><\/div>\n<div>(hier nun endlich seine Stimme)<\/div>\n<div><a href=\"https:\/\/www.fm-tv.net\/wordpress\/wp-content\/uploads\/Weizs\u00e4cker-Audio-1.wav\">Weizs\u00e4cker Vortrag 1986<\/a><\/div>\n<div><\/div>\n<p style=\"text-align: center;\"><img loading=\"lazy\" class=\"aligncenter size-full wp-image-4335\" title=\"Bild Carl Friedrich von Weizs\u00e4cker\" src=\"https:\/\/www.fm-tv.net\/wordpress\/wp-content\/uploads\/Bild-Carl-Friedrich-von-Weizs\u00e4cker.jpg\" alt=\"\" width=\"151\" height=\"121\" srcset=\"https:\/\/www.fm-tv.net\/wordpress\/wp-content\/uploads\/Bild-Carl-Friedrich-von-Weizs\u00e4cker.jpg 151w, https:\/\/www.fm-tv.net\/wordpress\/wp-content\/uploads\/Bild-Carl-Friedrich-von-Weizs\u00e4cker-150x121.jpg 150w\" sizes=\"(max-width: 151px) 100vw, 151px\" \/><\/p>\n<div><a href=\"https:\/\/www.fm-tv.net\/wordpress\/wp-content\/uploads\/Weizs\u00e4cker_Bild_2.tiff\"><img class=\"aligncenter size-full wp-image-4327\" title=\"Weizs\u00e4cker_Bild_2\" src=\"https:\/\/www.fm-tv.net\/wordpress\/wp-content\/uploads\/Weizs\u00e4cker_Bild_2.tiff\" alt=\"\" \/><\/a><\/div>\n<div>Bild (Internet): Carl Friedrich von Weizs\u00e4cker, Physiker u. Philosoph (Starnberg)<\/div>\n<div>__________________________<\/div>\n<div>Weitere Erl\u00e4uterung:<\/div>\n<div>Die WELT als UNENDLICHKEIT und damit UNZERST\u00d6RBARKEIT. Die Welt als wahres GANZES. In Wirklichkeit unteilbar-ungeteilt. In Wirklichkeit unspaltbar, in Wirklichkeit unegomanisch. In Wirklichkeit ist die Welt anders als die herrschende Meinung sie definiert (das vorherrschende Weltbild ist falsch). Eine Abspaltung im Unendlichen gab es und gibt es nicht: die These von der Entstehung eines Luzifers ist falsch (Anm.: im Absoluten, im Unendlichen, Unzerst\u00f6rbaren und und damit Unspaltbaren hat es keine Abspaltung &#8211; die hat es nur im relativ-subjekten Bereich), jedoch folgenreich f\u00fcr diese globale Welt. Denn legt ein Gro\u00dfteil der Menschheit eine Abspaltung seinem Denkmodell zugrunde, entwickelt sich hieraus eine virtuelle Realit\u00e4t. Eine sehr negative.<\/div>\n<div><\/div>\n<div>S\u00e4mtliche negative Eigenschaften in Menschen haben ihren Ursprung hier.<\/div>\n<div>Der Machtwahn beispielsweise: er ist ein Spaltungswahn. Gleiches gilt in Bezug auf den Besitzwahn.<\/div>\n<div><\/div>\n<div>JOHN F. KENNEDY wie sein j\u00fcngerer Bruder haben um diese im Westen vorherrschende Fehlsicht gewusst. Beide &#8211; Katholiken &#8211; \u00a0wollten den Westen zusammen mit dem Oberhaupt der Kath. Kirche (Papst Johannes XXIII. &#8211; Vatikan) auf ein h\u00f6heres Niveau hieven. Leider hatten sie damit nur geringen Erfolg. Das Machtgier-Establishment (sogenannte &#8222;secret societies&#8220;, sie so John F. Kennedy in einer seiner gro\u00dfen Reden bezeichnend und in diesem Zusammenhang meinte, dass politische Geheimgesellschaften in einer echten Demokratie nichts zu suchen haben)\u00a0 in den USA mit Verzweigungen bis nach Israel r\u00e4umte beide Ausnahme-Politiker aus dem Weg und tarnte das dann \u00fcber ihre Gro\u00dfmedien als sogenannten &gt;Fluch \u00fcber die Kennedys&lt;.<\/div>\n<div>C.F. v. Weizs\u00e4cker, der Weitsichtige, inzwischen so tot wie die Kennedys. Deutschland br\u00e4uchte diese Denker an seiner Spitze. Stattdessen h\u00e4lt es Kleinhirne wie Wulff, Merkel, Westerwelle, Gabriel\/Steinmeier, Trittin\/Roth\/\u00d6zdemir . . .\u00a0 am Leben. Man wagt nicht sich auszudenken, was dadurch auf dieses Deutschland zukommt.<\/div>\n<div>Die gro\u00dfen Denker hat es in diesem Land kaum noch, was so viel heisst wie: falls einige von ihnen noch vorhanden, erhalten sie in den Grossmedien kein Geh\u00f6r oder bestenfalls das nur am Rande.<\/div>\n<div>Das Volk wird auf Spaltung getrimmt. Es wird egomanisch getrimmt, abgerichtet, pervers gemacht, schlicht gesagt ausgetauscht. Einen weithin denkenden <strong>Horst K\u00f6hler<\/strong> hat diese Merkel aus dem Amt getrieben. Sein Nachfolger im Amt (Wulff) ist ein geistiger Holzbremsklotz, was christlich-grundgesetzliche Werte anbelangt (die Union sollte sich ganz schnell von diesen BRD-Abrissakteuren trennen!).<\/div>\n<div>Einen Ausweg h\u00e4tte es nur bei diesem weiten Denken, beispielsweise bei diesem von-Weizs\u00e4cker-Denken.<\/div>\n<p>Ja, es g\u00e4be ein sich koordinierendes, sich st\u00e4ndig selbst korrigierendes &#8222;System&#8220;, welches durch Menschen, die \u00fcberwiegend unegomanisch (ungespalten) strukturiert, am Leben gehalten und fortentwickelt wird. Dieses &#8222;System&#8220; setzt dieses <strong>universelle Denken<\/strong> voraus, welches dieser gro\u00dfe Denker C.F. von Weizs\u00e4cker in Vortr\u00e4gen, Schriften und Buchwerken dargestellt und begr\u00fcndet hatte. Welches diese Kennedys besa\u00dfen.<\/p>\n<div>Es ist klar, dass Denker und Dichter wie <strong>J. Wolfgang von Goethe<\/strong> (&gt;FAUST&lt; Teil II) sowie <strong>Richard Wagner<\/strong> (&gt;G\u00d6TTERD\u00c4MMERUNG&lt; \/ &gt;PARZIFAL&lt; \/ &gt;LOHENGRIN&lt;) Vorreiter f\u00fcr eine durchaus umsetzbare Hochkultur-Konzeption gewesen waren.<\/div>\n<div><\/div>\n<div>Warum westliche Massenmedien auf diese wertvollen Ent\u00e4usserungen in der Regel nicht scharf sind, ist einer eingehenden Untersuchung wert. In einer sich letztlich selbstzerst\u00f6renden Art h\u00e4ngen sie einer Welt niederster Triebe an und reissen somit die Gesellschaft und die Politik und Wirtschaft wie Wissenschaft in die dunkelsten wie tristesten Kellergew\u00f6lbe der Weltgeschichte.<\/div>\n<div id=\"_mcePaste\">ca-canaris \u00a0 \u00a0 copyright 2010 \u00a0munich<\/div>\n<div id=\"_mcePaste\" style=\"text-align: left;\">__________________________<\/div>\n<p>FN1\u00a0<span class=\"MsoFootnoteReference\"><span style=\"mso-special-character: footnote;\">[1]<\/span><\/span> Das Land nicht wirklich frei; Europa ist verdeckt geleitet durch Pl\u00fcndercliquen, die im Hintergrund geschickt agitieren, wobei durch Massenmedien der Blick zu ihnen verstellt ist<br \/>\n<!--StartFragment--> <!--EndFragment--><\/p>\n<p style=\"text-align: center;\">__________________________<\/p>\n","protected":false},"excerpt":{"rendered":"<p>Und damit den Ausweg, die Rettung dieser Welt Wenn Massenmedien solche Auswege unterdr\u00fccken ca-canaris \u00a027. Sept. 2010 ______________ . . . und der Kinofilmstoff ANTARIS ist von diesem Schlage, wie hier mit C.F. v. Weizs\u00e4cker gezeichnet . . . Angesichts des allgemeinen wirtschaftlichen, finanziellen und vor allem rechtlichen Notstandes dieses Landes mitten im vermeintlich hochkulturellen [&hellip;]<\/p>\n","protected":false},"author":3,"featured_media":0,"comment_status":"open","ping_status":"closed","sticky":true,"template":"","format":"standard","meta":[],"categories":[139],"tags":[],"_links":{"self":[{"href":"https:\/\/www.fm-tv.net\/wordpress\/index.php?rest_route=\/wp\/v2\/posts\/4315"}],"collection":[{"href":"https:\/\/www.fm-tv.net\/wordpress\/index.php?rest_route=\/wp\/v2\/posts"}],"about":[{"href":"https:\/\/www.fm-tv.net\/wordpress\/index.php?rest_route=\/wp\/v2\/types\/post"}],"author":[{"embeddable":true,"href":"https:\/\/www.fm-tv.net\/wordpress\/index.php?rest_route=\/wp\/v2\/users\/3"}],"replies":[{"embeddable":true,"href":"https:\/\/www.fm-tv.net\/wordpress\/index.php?rest_route=%2Fwp%2Fv2%2Fcomments&post=4315"}],"version-history":[{"count":62,"href":"https:\/\/www.fm-tv.net\/wordpress\/index.php?rest_route=\/wp\/v2\/posts\/4315\/revisions"}],"predecessor-version":[{"id":4318,"href":"https:\/\/www.fm-tv.net\/wordpress\/index.php?rest_route=\/wp\/v2\/posts\/4315\/revisions\/4318"}],"wp:attachment":[{"href":"https:\/\/www.fm-tv.net\/wordpress\/index.php?rest_route=%2Fwp%2Fv2%2Fmedia&parent=4315"}],"wp:term":[{"taxonomy":"category","embeddable":true,"href":"https:\/\/www.fm-tv.net\/wordpress\/index.php?rest_route=%2Fwp%2Fv2%2Fcategories&post=4315"},{"taxonomy":"post_tag","embeddable":true,"href":"https:\/\/www.fm-tv.net\/wordpress\/index.php?rest_route=%2Fwp%2Fv2%2Ftags&post=4315"}],"curies":[{"name":"wp","href":"https:\/\/api.w.org\/{rel}","templated":true}]}}