{"id":5689,"date":"2015-06-10T04:15:36","date_gmt":"2015-06-10T02:15:36","guid":{"rendered":"http:\/\/www.fm-tv.net\/wordpress\/?p=5689"},"modified":"2015-06-22T18:32:20","modified_gmt":"2015-06-22T16:32:20","slug":"der-widerstand-eines-amtsrichters-von-1941-bis-1945-und-der-widerstand-seiner-sohne-von-1974-an","status":"publish","type":"post","link":"https:\/\/www.fm-tv.net\/wordpress\/?p=5689","title":{"rendered":"Widerstand eines Amtsrichters von 1941 bis 1945 &#8211; und der Widerstand seiner S\u00f6hne von 1974 an"},"content":{"rendered":"<p>&nbsp;<\/p>\n<p style=\"text-align: center;\">FM-TV.NET (statt .NET andere Endungen .COM oder auch .EU)<\/p>\n<p style=\"text-align: center;\">Hinweis in eigener Sache:<\/p>\n<p style=\"text-align: center;\">Dieser Artikel aus 2010 wird aus aktuellem Anla\u00df erneut in die Titelseite gestellt. Die Sache wird heutigen Richtern, Beh\u00f6rden- und Medienvertretern als Vorbild vorgelegt (Rechts-Grundlage: <strong>Art. 20 Abs. 4 GG<\/strong>). So jedoch wie zwischen 1941 und 1945 jeglicher Widerstand kriminalisiert wurde, wird mit ihm auch heute verfahren &#8211; oder er wird systemgem\u00e4\u00df totgeschwiegen. Zwischen 1941 und 1945 hatte es keine Berichterstattung in Massenmedien zum Widerstand dieses Richters Dr. Josef Koeppl gegen\u00fcber dem Dritten Reich gegeben. Zwischen 1974 und 2015 faktisch ebenso keine hinsichtlich eines Widerstandes der S\u00f6hne (Dr. J.Bob Koeppl wie sein Bruder) dieses Richters gegen\u00fcber einem neuerlichen, sehr viel umfangreicheren, schwerer erkennbaren Faschismus. Von ein paar Ausnahmen, n\u00e4mlich zwischen 1980\/1981 und 1997, abgesehen . . . . Als Dr. J.B. Koeppl bei seinem Vortrag vor US-Kongressabgeordneten wie R\u00fcstungsindustriellen etc. in Washington im Jahre 1981 auf die drohenden Gef\u00e4hrdungen durch exorbitante Staatsverschuldungen &#8211; auch ausgel\u00f6st durch Ma\u00dflosigkeiten in der R\u00fcstungswirtschaft &#8211; hingewiesen hatte, verlie\u00dfen diese Kreise provokativ den Vortragsraum. Schlagartig hatte es denn auch daraufhin ein Ende mit Ver\u00f6ffentlichungen in den westlichen Massenmedien . . . Weshalb das heutige Herrschaftssystem als faschistoid einzustufen, wurde und wird hier in der FM-TV wie auch in der ANTARIS.TV hinreichend dargelegt. Hier nur einige Stichpunkte: Staaten in die Hochverschuldung getrieben &#8211; systematische Zerst\u00f6rung der nationalen Organisations-Einheiten wie Kulturen unter Vorrangigstellung angels\u00e4chsischer Vorstellungen (ein Mittel hierzu extreme Verschuldung der Staaten) &#8211; Zerst\u00f6rung des Privateigentums &#8211; Abh\u00e4ngigmachung des Individuums von egomanisch-faschistoiden Strukturen &#8211; Zerst\u00f6rung der \u00d6kosysteme . . . faktisch der Kurs in den kollektiven Untergang &#8211; nur diesmal die gesamte Menschheit betreffend . . . Nur wenige Politiker leisten Widerstand: ein <strong>gro\u00dfer deutscher Poltiker<\/strong> sagte sinngem\u00e4\u00df dieses im deutschen Fernsehen (<a href=\"https:\/\/www.youtube.com\/watch?v=MDWqSWKCAs8\"><strong>ZdF, 2010<\/strong><\/a>): Diejenigen, die gew\u00e4hlt seien, h\u00e4tten \u00fcberhaupt nichts Wichtiges zu entscheiden . . . Diejenigen, die n i c h t gew\u00e4hlt, w\u00fcrden &#8222;f\u00fcr sie&#8220; die Entscheidungen treffen . . . Und selbst der <strong>Vatikan<\/strong> ruft j\u00fcngst indirekt zum Widerstand gegen die Kriminellen in der R\u00fcstung auf. Und nicht nur das. <a href=\"http:\/\/www.spiegel.de\/panorama\/papst-franziskus-kritisiert-waffenbranche-a-1040023.html\"><strong>Hierzu unter . . .<\/strong> <\/a><\/p>\n<p>&nbsp;<\/p>\n<p>Auf Grund vorliegender Dokumente, u.a. der Spruchkammer der Stadt und des Landkreises Passau vom 14.7. 1947 &#8211; verhandelt am Landgericht Passau &#8211; ist best\u00e4tigt, dass sich der Amtsrichter (zeitweise auch Staatsanwalt) Dr. Josef K\u00f6ppl im verdeckten bis offenen Widerstand gegen\u00fcber dem nationalsozialistischen Regime befunden hatte.<\/p>\n<p>Unter anderem hatte er sich Anfang 1945 gegen\u00fcber dem <a href=\"https:\/\/www.justiz.bayern.de\/imperia\/md\/content\/stmj_internet\/gerichte\/landgerichte\/passau\/festschrift.pdf\"><strong>damaligen leitenden Oberstaatsanwalt Dr. Anton Zwink<\/strong><\/a> geweigert, bei einer Sondersitzung des Volksgerichtshofes in Passau die Anklage zu vertreten.<\/p>\n<p>Ausserdem hatte er gegen damalige h\u00f6here \u00f6rtliche Parteifunktion\u00e4re der NSDAP\u00a0 &#8211; u.a. gegen Moosbauer, Kreisleiter und Oberb\u00fcrgermeister in Passau, sowie gegen Kreisleiter Mannhardt (Freyung) &#8211; in 1944 Ermittlungsverfahren eingeleitet.<\/p>\n<p>Daf\u00fcr und wegen anderem wurde der Richter &#8211; welcher im Herbst 1941 mit den Widerstandskreis (<a href=\"https:\/\/antaristv.wordpress.com\/abschnitt-2-2\/\"><strong>sog. Hochstra\u00dfenkreis<\/strong><\/a>) in Passau gegr\u00fcndet hatte &#8211; laut sp\u00e4terem FAB-Widerstands-Dokument von 1947 (unterzeichnet durch Dr. Gerngross und B\u00fcrgermeister Heinz Wagner, autorisiert durch die US-Besatzungsregierung)\u00a0 im April 1945 mit einem Hinrichtungsurteil konfrontiert, welches &#8211; zum Gl\u00fcck &#8211;\u00a0nicht mehr vollstreckt werden konnte. Zum sog. Hochstra\u00dfenkreis <a href=\"https:\/\/antaristv.wordpress.com\/2008\/07\/29\/einfuhrung-zum-bilderberger-bzw-geheimregierungs-film\/\"><strong>hier . . .\u00a0<\/strong><\/a> &#8211; weiteres auch unter &gt;<a href=\"https:\/\/www.fm-tv.net\/wordpress\/?p=5865\"><strong>eine kurze Zeitbetrachtung<\/strong><\/a>&lt; .<\/p>\n<p>Dr. Josef K\u00f6ppl war denn auch bereits\u00a0 am 1. August 1945 &#8211; autorisiert durch die US-Besatzungsregierung &#8211; als erster Richter wieder beim Amtsgericht in Passau t\u00e4tig.<\/p>\n<p>Tatsache ist:\u00a0 Beh\u00f6rden des Deutschen Reiches hatten damals zwischen 1933 und 1945 keineswegs Interessen des Volkes (Gesamtwohl) oder gar der Verfassung vertreten; im Gegenteil, sie hatten das Volk in den Ruin getrieben (was im \u00dcbrigen auch heute der Fall). Offenen Widerstand medien- wie beh\u00f6rdenseits hatte es nur vereinzelt gegeben. Die sch\u00fctzende Hand \u00fcber diesen Passauer Richter hielt der <a href=\"http:\/\/www.google.de\/imgres?imgurl=http:\/\/regiowiki.pnp.de\/images\/thumb\/Landersdorfer.jpg\/250px-Landersdorfer.jpg&amp;imgrefurl=http:\/\/regiowiki.pnp.de\/index.php\/Simon_Konrad_Landersdorfer&amp;h=349&amp;w=250&amp;tbnid=nH5n_KGaRCAfOM:&amp;zoom=1&amp;tbnh=95&amp;tbnw=68&amp;usg=__IwAL2pDxOdCWFjIcVte-ggNou1A=&amp;docid=00aP2BwVcOAxaM\"><strong>damals amtierende Bischof Dr. Simon Konrad Landersdorfer<\/strong><\/a> sowie einige Personen der \u00f6rtlichen Justiz.<\/p>\n<p>In diesen Monaten, Jahren, Jahrzehnten wiederholt sich das &#8222;Schauspiel&#8220; von damals in seinen Grundz\u00fcgen:\u00a0 zwei S\u00f6hne dieses damaligen Richters befinden sich seit l\u00e4ngerem &#8211; etwa seit 1974 &#8211; im Widerstand. Berechtigt, wie so manche meinen: seit 1945 bis heute diktiert versteckt bis offen nach aussen hin ein Finanz-Faschismus. Die S\u00f6hne dieses Richters haben sich gegen ihn auch gegen\u00fcber Medien und Beh\u00f6rden zu verteidigen. Die FM-TV.NET, ANTARIS.TV, ra-kanzlei-koeppl.de gew\u00e4hren in einigen ihrer Spalten Einblicke in de Hintergr\u00fcnde f\u00fcr diese vergangenen wie gegenw\u00e4rtigen Abl\u00e4ufe und Vorg\u00e4nge. Und zu all diesen Vorg\u00e4ngen schweigen sich die \u00f6rtlichen wie die \u00fcberregionalen Medien aus . . . Nur sollte es beispielsweise um unmittelbar eigene Interessen gehen, wird berichtet. So lieferte das Nachrichten-Magazin DER SPIEGEL in seiner Ausgabe Nr.3.\/1962 einen Bericht \u00fcber diesen Richter Dr. Josef K\u00f6ppl &#8211; inzwischen Landgerichtsdirektor und Vorsitzender einer Gro\u00dfen Strafkammer beim LG Passau vor: es ging darin um ein Strafverfahren gegen den Herausgeber der PASSAUER NEUEN PRESSE (PNP) Dr. Hans Kapfinger. <a href=\"http:\/\/www.spiegel.de\/spiegel\/print\/d-45137644.html\"><strong>Hierzu unter . . .<\/strong> <\/a>.<\/p>\n<p>&nbsp;<\/p>\n<p>___________________<\/p>\n<p>Einige Dokumente zum erfolgreichen Widerstand des Richters gegen\u00fcber dem Hitlersystem:<\/p>\n<p style=\"text-align: center;\"><a href=\"https:\/\/www.fm-tv.net\/wordpress\/wp-content\/uploads\/Dr-K\u00f6-AmtsgerRat-dch-LG-Pr\u00e4sid-1.8.1945.jpg\"><img loading=\"lazy\" class=\"aligncenter  wp-image-5690\" style=\"border: 10px solid black;\" title=\"Dr K\u00f6 AmtsgerRat dch LG Pr\u00e4sid 1.8.1945\" src=\"https:\/\/www.fm-tv.net\/wordpress\/wp-content\/uploads\/Dr-K\u00f6-AmtsgerRat-dch-LG-Pr\u00e4sid-1.8.1945-300x224.jpg\" alt=\"\" width=\"300\" height=\"224\" srcset=\"https:\/\/www.fm-tv.net\/wordpress\/wp-content\/uploads\/Dr-K\u00f6-AmtsgerRat-dch-LG-Pr\u00e4sid-1.8.1945-300x224.jpg 300w, https:\/\/www.fm-tv.net\/wordpress\/wp-content\/uploads\/Dr-K\u00f6-AmtsgerRat-dch-LG-Pr\u00e4sid-1.8.1945-1024x764.jpg 1024w\" sizes=\"(max-width: 300px) 100vw, 300px\" \/><\/a><\/p>\n<p style=\"text-align: center;\">BILD oben:<\/p>\n<p style=\"text-align: center;\">Der Pr\u00e4sident des Landgerichts Passau setzt Dr. Josef K\u00f6ppl als ersten Amtsrichter in Passau mit Schreiben vom 1.8.1945 ein<\/p>\n<p style=\"text-align: center;\"><a href=\"https:\/\/www.fm-tv.net\/wordpress\/wp-content\/uploads\/Spruchkammer-14-7-1947-Bl-1-oben.jpg\"><img loading=\"lazy\" class=\"aligncenter size-medium wp-image-5691\" style=\"border: 10px solid black;\" title=\"Spruchkammer 14-7-1947 Bl 1 oben\" src=\"https:\/\/www.fm-tv.net\/wordpress\/wp-content\/uploads\/Spruchkammer-14-7-1947-Bl-1-oben-300x224.jpg\" alt=\"\" width=\"300\" height=\"224\" srcset=\"https:\/\/www.fm-tv.net\/wordpress\/wp-content\/uploads\/Spruchkammer-14-7-1947-Bl-1-oben-300x224.jpg 300w, https:\/\/www.fm-tv.net\/wordpress\/wp-content\/uploads\/Spruchkammer-14-7-1947-Bl-1-oben-1024x764.jpg 1024w\" sizes=\"(max-width: 300px) 100vw, 300px\" \/><\/a><\/p>\n<p style=\"text-align: center;\">Bild oben:\u00a0 Spruchkammer-Urteil v. 14.7.1947 am Landgericht Passau (Titelseite)<\/p>\n<p style=\"text-align: center;\">Seiten nachfolgend (s.u.)<\/p>\n<p style=\"text-align: center;\"><a href=\"https:\/\/www.fm-tv.net\/wordpress\/wp-content\/uploads\/Spruchkammer-14-7-1947-Bl-1-R\u00fcckseite-oben.jpg\"><img loading=\"lazy\" class=\"aligncenter size-medium wp-image-5692\" style=\"border: 10px solid black;\" title=\"Spruchkammer 14-7-1947 Bl 1 R\u00fcckseite oben\" src=\"https:\/\/www.fm-tv.net\/wordpress\/wp-content\/uploads\/Spruchkammer-14-7-1947-Bl-1-R\u00fcckseite-oben-300x224.jpg\" alt=\"\" width=\"300\" height=\"224\" srcset=\"https:\/\/www.fm-tv.net\/wordpress\/wp-content\/uploads\/Spruchkammer-14-7-1947-Bl-1-R\u00fcckseite-oben-300x224.jpg 300w, https:\/\/www.fm-tv.net\/wordpress\/wp-content\/uploads\/Spruchkammer-14-7-1947-Bl-1-R\u00fcckseite-oben-1024x764.jpg 1024w\" sizes=\"(max-width: 300px) 100vw, 300px\" \/><\/a><\/p>\n<p style=\"text-align: center;\"><a href=\"https:\/\/www.fm-tv.net\/wordpress\/wp-content\/uploads\/Spruchkammer-14-7-1947-Bl-1-R\u00fcckseite-oben1.jpg\"><img loading=\"lazy\" class=\"aligncenter size-medium wp-image-5694\" style=\"border: 10px solid black;\" title=\"Spruchkammer 14-7-1947 Bl 1 R\u00fcckseite oben\" src=\"https:\/\/www.fm-tv.net\/wordpress\/wp-content\/uploads\/Spruchkammer-14-7-1947-Bl-1-R\u00fcckseite-oben1-300x224.jpg\" alt=\"\" width=\"300\" height=\"224\" srcset=\"https:\/\/www.fm-tv.net\/wordpress\/wp-content\/uploads\/Spruchkammer-14-7-1947-Bl-1-R\u00fcckseite-oben1-300x224.jpg 300w, https:\/\/www.fm-tv.net\/wordpress\/wp-content\/uploads\/Spruchkammer-14-7-1947-Bl-1-R\u00fcckseite-oben1-1024x764.jpg 1024w\" sizes=\"(max-width: 300px) 100vw, 300px\" \/><\/a><\/p>\n<p style=\"text-align: center;\"><a href=\"https:\/\/www.fm-tv.net\/wordpress\/wp-content\/uploads\/Spruchkammer-14-7-1947-Bl-2-oben.jpg\"><img loading=\"lazy\" class=\"aligncenter size-medium wp-image-5695\" style=\"border: 10px solid black;\" title=\"Spruchkammer 14-7-1947 Bl 2 oben\" src=\"https:\/\/www.fm-tv.net\/wordpress\/wp-content\/uploads\/Spruchkammer-14-7-1947-Bl-2-oben-300x224.jpg\" alt=\"\" width=\"300\" height=\"224\" srcset=\"https:\/\/www.fm-tv.net\/wordpress\/wp-content\/uploads\/Spruchkammer-14-7-1947-Bl-2-oben-300x224.jpg 300w, https:\/\/www.fm-tv.net\/wordpress\/wp-content\/uploads\/Spruchkammer-14-7-1947-Bl-2-oben-1024x764.jpg 1024w\" sizes=\"(max-width: 300px) 100vw, 300px\" \/><\/a><\/p>\n<p>&nbsp;<\/p>\n<p>Es wird auf zahllose weitere Artikel zu diesem Thema &#8222;Widerstand im Dritten Reich&#8220; verwiesen. Im Wesentlichen hatte sich der Stand der Richterschaft gegen\u00fcber dem Hitlersystem als gef\u00fcgig und getreu erwiesen.<\/p>\n","protected":false},"excerpt":{"rendered":"<p>&nbsp; FM-TV.NET (statt .NET andere Endungen .COM oder auch .EU) Hinweis in eigener Sache: Dieser Artikel aus 2010 wird aus aktuellem Anla\u00df erneut in die Titelseite gestellt. Die Sache wird heutigen Richtern, Beh\u00f6rden- und Medienvertretern als Vorbild vorgelegt (Rechts-Grundlage: Art. 20 Abs. 4 GG). So jedoch wie zwischen 1941 und 1945 jeglicher Widerstand kriminalisiert wurde, [&hellip;]<\/p>\n","protected":false},"author":3,"featured_media":0,"comment_status":"closed","ping_status":"closed","sticky":true,"template":"","format":"standard","meta":[],"categories":[75],"tags":[],"_links":{"self":[{"href":"https:\/\/www.fm-tv.net\/wordpress\/index.php?rest_route=\/wp\/v2\/posts\/5689"}],"collection":[{"href":"https:\/\/www.fm-tv.net\/wordpress\/index.php?rest_route=\/wp\/v2\/posts"}],"about":[{"href":"https:\/\/www.fm-tv.net\/wordpress\/index.php?rest_route=\/wp\/v2\/types\/post"}],"author":[{"embeddable":true,"href":"https:\/\/www.fm-tv.net\/wordpress\/index.php?rest_route=\/wp\/v2\/users\/3"}],"replies":[{"embeddable":true,"href":"https:\/\/www.fm-tv.net\/wordpress\/index.php?rest_route=%2Fwp%2Fv2%2Fcomments&post=5689"}],"version-history":[{"count":76,"href":"https:\/\/www.fm-tv.net\/wordpress\/index.php?rest_route=\/wp\/v2\/posts\/5689\/revisions"}],"predecessor-version":[{"id":5698,"href":"https:\/\/www.fm-tv.net\/wordpress\/index.php?rest_route=\/wp\/v2\/posts\/5689\/revisions\/5698"}],"wp:attachment":[{"href":"https:\/\/www.fm-tv.net\/wordpress\/index.php?rest_route=%2Fwp%2Fv2%2Fmedia&parent=5689"}],"wp:term":[{"taxonomy":"category","embeddable":true,"href":"https:\/\/www.fm-tv.net\/wordpress\/index.php?rest_route=%2Fwp%2Fv2%2Fcategories&post=5689"},{"taxonomy":"post_tag","embeddable":true,"href":"https:\/\/www.fm-tv.net\/wordpress\/index.php?rest_route=%2Fwp%2Fv2%2Ftags&post=5689"}],"curies":[{"name":"wp","href":"https:\/\/api.w.org\/{rel}","templated":true}]}}